{"id":15660,"date":"2024-08-14T18:22:42","date_gmt":"2024-08-14T21:22:42","guid":{"rendered":"https:\/\/hostnetart.com.br\/baixada\/financiarios-rejeitam-proposta-das-financeiras-que-achataria-salarios-e-reduziria-plr\/"},"modified":"2024-08-14T18:22:42","modified_gmt":"2024-08-14T21:22:42","slug":"financiarios-rejeitam-proposta-das-financeiras-que-achataria-salarios-e-reduziria-plr","status":"publish","type":"post","link":"https:\/\/hostnetart.com.br\/baixada\/financiarios-rejeitam-proposta-das-financeiras-que-achataria-salarios-e-reduziria-plr\/","title":{"rendered":"Financi\u00e1rios rejeitam proposta das Financeiras que achataria sal\u00e1rios e reduziria PLR"},"content":{"rendered":"<\/p>\n<p>Apesar de os representantes dos <strong>financi\u00e1rios<\/strong>terem aberto a <strong>reuni\u00e3o<\/strong> cobrando das financeiras responsabilidade com a mesa de <strong>negocia\u00e7\u00e3o<\/strong> e a proposta global para um acordo, os representantes das empresas n\u00e3o levaram nada a s\u00e9rio.<\/p>\n<p>Trouxeram para a reuni\u00e3o, realizada nesta quarta-feira, 14 de agosto, uma proposta de reajuste para sal\u00e1rios e demais verbas de 80% do INPC. Ou seja, abaixo da infla\u00e7\u00e3o e sem nada de aumento real.<\/p>\n<p>Al\u00e9m disso, para a PLR a proposta foi de pagamento de at\u00e9 5% do lucro e com teto de 1,8 sal\u00e1rio, o que rebaixaria os ganhos de quem tem sal\u00e1rios mais baixos e trabalha muito.<\/p>\n<p>O Diretor de Bancos Privados da Federa\u00e7\u00e3o dos Trabalhadores do Ramo Financeiro dos Estados do Rio de Janeiro e Esp\u00edrito Santo (<strong>Fetraf RJ\/ES<\/strong>), <strong>Max Bezerra<\/strong>, participou da reuni\u00e3o, ocorrida em S\u00e3o Paulo, representando a entidade.<\/p>\n<p>\u201cNossa data base foi 1\u00ba de junho, entregamos nossa pauta em 9 de maio. E depois de seis rodadas de negocia\u00e7\u00e3o, e mais de tr\u00eas meses, vieram com uma proposta t\u00e3o ruim que tivemos de rejeitar imediatamente, na mesa desta quarta-feira\u201d, afirma a secret\u00e1ria de Organiza\u00e7\u00e3o do Ramo Financeiro e Pol\u00edtica Sindical da Contraf-CUT, Magaly Fagundes. \u201cGanho real \u00e9 muito importante. N\u00e3o aceitaremos retirada de direitos ou rebaixamento nos ganhos dos financi\u00e1rios\u201d, avisa.<\/p>\n<p>\u201cPraticamente nada do que foi reivindicado teve algum retorno positivo das financeiras\u201d, critica o coordenador do Coletivo Nacional dos Financi\u00e1rios da Contraf-CUT, Jair Alves. \u201cTem como melhorar essa proposta, com certeza\u201d, ressalta.<\/p>\n<p>Os trabalhadores reivindicam um acordo de dois anos, com reajuste salarial que cubra a infla\u00e7\u00e3o medida pelo INPC (3,34%), de junho de 2023 a maio de 2024, e de junho de 2024 a maio de 2025, acrescido de 5% de aumento real. Os mesmos \u00edndices devem ser aplicados na Participa\u00e7\u00e3o nos Lucros e Resultados (PLR). Para vales alimenta\u00e7\u00e3o, refei\u00e7\u00e3o e aux\u00edlio-creche bab\u00e1 aumento real de 7%.<\/p>\n<p><strong>Raz\u00f5es para rejeitar<\/strong><\/p>\n<p>A proposta apresentada pela Federa\u00e7\u00e3o Interestadual das Institui\u00e7\u00f5es de Cr\u00e9dito, Financiamento e Investimento (Fenacrefi), de aumento de 80% do INPC, representa reajuste de apenas 2,67% para sal\u00e1rios e demais verbas. O \u00edndice imporia aos trabalhadores perda de 0,65%.<\/p>\n<p>\u201cN\u00e3o tem sentido apresentar uma proposta que sequer rep\u00f5e a infla\u00e7\u00e3o para os financi\u00e1rios. Nossa reivindica\u00e7\u00e3o \u00e9 de aumento real\u201d, frisa Magaly. \u201cO pedido de reajuste maior para vales alimenta\u00e7\u00e3o e refei\u00e7\u00e3o, aux\u00edlio creche-bab\u00e1 foi ignorado.\u201d<\/p>\n<p>Al\u00e9m disso, a proposta de PLR representaria perdas de R$ 1.729 para quem ganha o piso de R$ 2.940. \u201cOs sal\u00e1rios at\u00e9 R$ 4.500 perderiam com essa proposta de 5% de distribui\u00e7\u00e3o do lucro l\u00edquido com teto de 1,8 sal\u00e1rios para a PLR\u201d, explica Jair.<\/p>\n<p>Tamb\u00e9m n\u00e3o houve retorno por parte dos representantes das empresas sobre a proposta de dois anos. Nem sobre a altera\u00e7\u00e3o da data base (atualmente em 1\u00ba de junho) para se adequar ao tempo que as financeiras levam para apresentar propostas.<\/p>\n<p><strong>Dados dos financi\u00e1rios<\/strong><\/p>\n<p>A Fenacrefi ressaltou a import\u00e2ncia da discuss\u00e3o mais abrangente realizada at\u00e9 agora, inclusive para o setor patronal. A pesquisa sobre Rosto dos Financi\u00e1rios, com dados fundamentais sobre a categoria, reivindicada pelos trabalhadores, deve finalmente ser feita.<\/p>\n<p>Os negociadores das financeiras se comprometeram com a realiza\u00e7\u00e3o do combate \u00e0 viol\u00eancia contra a mulher: treinamento, cartilhas e compromisso efetivo no combate, disseram.<\/p>\n<p>Sobre o ass\u00e9dio moral, a Fenacrefi se comprometeu com a\u00e7\u00f5es de combate. \u201cTamb\u00e9m j\u00e1 existem a\u00e7\u00f5es nesse sentido, mas vamos trabalhar em cima disso, al\u00e9m de cuidados de promo\u00e7\u00e3o \u00e0 sa\u00fade de uma forma geral\u201d, informaram os negociadores das financeiras.<\/p>\n<p>Uma nova rodada de negocia\u00e7\u00e3o est\u00e1 marcada para 22 de agosto, em S\u00e3o Paulo. E os trabalhadores cobram respeito e uma proposta defens\u00e1vel que represente o esfor\u00e7o dos financi\u00e1rios.<\/p>\n<p><img fetchpriority=\"high\" decoding=\"async\" class=\"alignnone size-full wp-image-25171\" src=\"https:\/\/fetrafrjes.org.br\/wp-content\/uploads\/2024\/08\/IMG_4562.webp\" sizes=\"(max-width: 640px) 100vw, 640px\" srcset=\"https:\/\/fetrafrjes.org.br\/wp-content\/uploads\/2024\/08\/IMG_4562.webp 640w, https:\/\/fetrafrjes.org.br\/wp-content\/uploads\/2024\/08\/IMG_4562-600x336.webp 600w\" alt=\"\" width=\"640\" height=\"358\" \/><img decoding=\"async\" class=\"alignnone size-full wp-image-25172\" src=\"https:\/\/fetrafrjes.org.br\/wp-content\/uploads\/2024\/08\/de5c7c26-0403-4d62-afaf-3bc4abac0c2d.jpeg\" sizes=\"(max-width: 1280px) 100vw, 1280px\" srcset=\"https:\/\/fetrafrjes.org.br\/wp-content\/uploads\/2024\/08\/de5c7c26-0403-4d62-afaf-3bc4abac0c2d.jpeg 1280w, https:\/\/fetrafrjes.org.br\/wp-content\/uploads\/2024\/08\/de5c7c26-0403-4d62-afaf-3bc4abac0c2d-600x450.jpeg 600w, https:\/\/fetrafrjes.org.br\/wp-content\/uploads\/2024\/08\/de5c7c26-0403-4d62-afaf-3bc4abac0c2d-1024x768.jpeg 1024w, https:\/\/fetrafrjes.org.br\/wp-content\/uploads\/2024\/08\/de5c7c26-0403-4d62-afaf-3bc4abac0c2d-768x576.jpeg 768w, https:\/\/fetrafrjes.org.br\/wp-content\/uploads\/2024\/08\/de5c7c26-0403-4d62-afaf-3bc4abac0c2d-1200x900.jpeg 1200w\" alt=\"\" width=\"1280\" height=\"960\" \/><img decoding=\"async\" class=\"alignnone size-full wp-image-25173\" src=\"https:\/\/fetrafrjes.org.br\/wp-content\/uploads\/2024\/08\/487c58db-ed3a-42f2-b6d6-f2a492bbbfb5.jpeg\" sizes=\"(max-width: 1280px) 100vw, 1280px\" srcset=\"https:\/\/fetrafrjes.org.br\/wp-content\/uploads\/2024\/08\/487c58db-ed3a-42f2-b6d6-f2a492bbbfb5.jpeg 1280w, https:\/\/fetrafrjes.org.br\/wp-content\/uploads\/2024\/08\/487c58db-ed3a-42f2-b6d6-f2a492bbbfb5-600x450.jpeg 600w, https:\/\/fetrafrjes.org.br\/wp-content\/uploads\/2024\/08\/487c58db-ed3a-42f2-b6d6-f2a492bbbfb5-1024x768.jpeg 1024w, https:\/\/fetrafrjes.org.br\/wp-content\/uploads\/2024\/08\/487c58db-ed3a-42f2-b6d6-f2a492bbbfb5-768x576.jpeg 768w, https:\/\/fetrafrjes.org.br\/wp-content\/uploads\/2024\/08\/487c58db-ed3a-42f2-b6d6-f2a492bbbfb5-1200x900.jpeg 1200w\" alt=\"\" width=\"1280\" height=\"960\" \/><\/p>\n<p>*<em>com informa\u00e7\u00f5es da Contraf-CUT<\/em><\/p>\n","protected":false},"excerpt":{"rendered":"<p>Apesar de os representantes dos financi\u00e1riosterem aberto a reuni\u00e3o cobrando das financeiras responsabilidade com a mesa de negocia\u00e7\u00e3o e a proposta global para um acordo, os representantes das empresas n\u00e3o levaram nada a s\u00e9rio. Trouxeram para a reuni\u00e3o, realizada nesta quarta-feira, 14 de agosto, uma proposta de reajuste para sal\u00e1rios e demais verbas de 80% [&hellip;]<\/p>\n","protected":false},"author":2,"featured_media":15659,"comment_status":"","ping_status":"","sticky":false,"template":"","format":"standard","meta":{"footnotes":""},"categories":[3],"tags":[],"class_list":["post-15660","post","type-post","status-publish","format-standard","has-post-thumbnail","hentry","category-noticias"],"_links":{"self":[{"href":"https:\/\/hostnetart.com.br\/baixada\/wp-json\/wp\/v2\/posts\/15660","targetHints":{"allow":["GET"]}}],"collection":[{"href":"https:\/\/hostnetart.com.br\/baixada\/wp-json\/wp\/v2\/posts"}],"about":[{"href":"https:\/\/hostnetart.com.br\/baixada\/wp-json\/wp\/v2\/types\/post"}],"author":[{"embeddable":true,"href":"https:\/\/hostnetart.com.br\/baixada\/wp-json\/wp\/v2\/users\/2"}],"replies":[{"embeddable":true,"href":"https:\/\/hostnetart.com.br\/baixada\/wp-json\/wp\/v2\/comments?post=15660"}],"version-history":[{"count":0,"href":"https:\/\/hostnetart.com.br\/baixada\/wp-json\/wp\/v2\/posts\/15660\/revisions"}],"wp:featuredmedia":[{"embeddable":true,"href":"https:\/\/hostnetart.com.br\/baixada\/wp-json\/wp\/v2\/media\/15659"}],"wp:attachment":[{"href":"https:\/\/hostnetart.com.br\/baixada\/wp-json\/wp\/v2\/media?parent=15660"}],"wp:term":[{"taxonomy":"category","embeddable":true,"href":"https:\/\/hostnetart.com.br\/baixada\/wp-json\/wp\/v2\/categories?post=15660"},{"taxonomy":"post_tag","embeddable":true,"href":"https:\/\/hostnetart.com.br\/baixada\/wp-json\/wp\/v2\/tags?post=15660"}],"curies":[{"name":"wp","href":"https:\/\/api.w.org\/{rel}","templated":true}]}}