{"id":15652,"date":"2024-08-13T12:57:18","date_gmt":"2024-08-13T15:57:18","guid":{"rendered":"https:\/\/hostnetart.com.br\/baixada\/empregados-do-bndes-aprovaram-pauta-de-reivindicacoes\/"},"modified":"2024-08-13T12:57:18","modified_gmt":"2024-08-13T15:57:18","slug":"empregados-do-bndes-aprovaram-pauta-de-reivindicacoes","status":"publish","type":"post","link":"https:\/\/hostnetart.com.br\/baixada\/empregados-do-bndes-aprovaram-pauta-de-reivindicacoes\/","title":{"rendered":"Empregados do BNDES aprovaram pauta de reivindica\u00e7\u00f5es"},"content":{"rendered":"<\/p>\n<p>Os empregados do BNDES aprovaram, nesta quarta-feira (8), com 75% dos votos favor\u00e1veis, a pauta de reivindica\u00e7\u00f5es a ser apresentada ao banco e demais empresas do sistema (BNDES, Finame e BNDESPAR). Os votos contr\u00e1rios \u00e0 proposta somaram 11,06% e as absten\u00e7\u00f5es 13,94%. No dia anterior (07\/08), <a href=\"https:\/\/contrafcut.com.br\/noticias\/funcionarios-do-bndes-fazem-debate-hoje-e-assembleia-dia-8-sobre-pauta-de-reivindicacoes\/\" target=\"_blank\" rel=\"noopener noreferrer\">houve uma live para debate das propostas<\/a> e informa\u00e7\u00f5es aos empregados.<\/p>\n<p>\u201cA categoria banc\u00e1ria est\u00e1 em campanha para aprova\u00e7\u00e3o da sua Conven\u00e7\u00e3o Coletiva de Trabalho (CCT). Agora, esta pauta de reivindica\u00e7\u00f5es ser\u00e1 apresentada ao BNDES para iniciarmos as negocia\u00e7\u00f5es para a renova\u00e7\u00e3o do Acordo Coletivo de Trabalho (ACT) espec\u00edfico dos empregados do BNDES\u201d, explicou o vice-presidente da Confedera\u00e7\u00e3o Nacional dos Trabalhadores do Sistema Financeiro (Contraf-CUT), Vin\u00edcius Assump\u00e7\u00e3o, que representa a entidade nas negocia\u00e7\u00f5es com as empresas do sistema BNDES.<\/p>\n<p>Os empregados tamb\u00e9m elegeram dois representantes para compor a Comiss\u00e3o de Negocia\u00e7\u00e3o do Acordo Coletivo de Trabalho 2024\/2026. Os eleitos foram Fernando Henrique de Ara\u00fajo Goes Newlands, que recebeu 41,83%, e Breno Berbert Coulamy, com 26,92%.<\/p>\n<p>Al\u00e9m dos dois eleitos, Juliana Souto de Noronha obteve 19,47%; Carlos Frederico Siqueira de Azevedo, 5,53%; Gustavo Andr\u00e9 Pereira Guimar\u00e3es, 4,33%; e Alberto Zanini Caixinhas, 1,<\/p>\n<p><strong>Fonte: Contraf-CUT<\/strong><\/p>\n","protected":false},"excerpt":{"rendered":"<p>Os empregados do BNDES aprovaram, nesta quarta-feira (8), com 75% dos votos favor\u00e1veis, a pauta de reivindica\u00e7\u00f5es a ser apresentada ao banco e demais empresas do sistema (BNDES, Finame e BNDESPAR). Os votos contr\u00e1rios \u00e0 proposta somaram 11,06% e as absten\u00e7\u00f5es 13,94%. No dia anterior (07\/08), houve uma live para debate das propostas e informa\u00e7\u00f5es [&hellip;]<\/p>\n","protected":false},"author":2,"featured_media":15651,"comment_status":"","ping_status":"","sticky":false,"template":"","format":"standard","meta":{"footnotes":""},"categories":[3],"tags":[],"class_list":["post-15652","post","type-post","status-publish","format-standard","has-post-thumbnail","hentry","category-noticias"],"_links":{"self":[{"href":"https:\/\/hostnetart.com.br\/baixada\/wp-json\/wp\/v2\/posts\/15652","targetHints":{"allow":["GET"]}}],"collection":[{"href":"https:\/\/hostnetart.com.br\/baixada\/wp-json\/wp\/v2\/posts"}],"about":[{"href":"https:\/\/hostnetart.com.br\/baixada\/wp-json\/wp\/v2\/types\/post"}],"author":[{"embeddable":true,"href":"https:\/\/hostnetart.com.br\/baixada\/wp-json\/wp\/v2\/users\/2"}],"replies":[{"embeddable":true,"href":"https:\/\/hostnetart.com.br\/baixada\/wp-json\/wp\/v2\/comments?post=15652"}],"version-history":[{"count":0,"href":"https:\/\/hostnetart.com.br\/baixada\/wp-json\/wp\/v2\/posts\/15652\/revisions"}],"wp:featuredmedia":[{"embeddable":true,"href":"https:\/\/hostnetart.com.br\/baixada\/wp-json\/wp\/v2\/media\/15651"}],"wp:attachment":[{"href":"https:\/\/hostnetart.com.br\/baixada\/wp-json\/wp\/v2\/media?parent=15652"}],"wp:term":[{"taxonomy":"category","embeddable":true,"href":"https:\/\/hostnetart.com.br\/baixada\/wp-json\/wp\/v2\/categories?post=15652"},{"taxonomy":"post_tag","embeddable":true,"href":"https:\/\/hostnetart.com.br\/baixada\/wp-json\/wp\/v2\/tags?post=15652"}],"curies":[{"name":"wp","href":"https:\/\/api.w.org\/{rel}","templated":true}]}}