{"id":15642,"date":"2024-08-08T14:11:58","date_gmt":"2024-08-08T17:11:58","guid":{"rendered":"https:\/\/hostnetart.com.br\/baixada\/mesmo-com-aumento-nos-lucros-banqueiros-choram-e-propoem-precarizar-salarios\/"},"modified":"2024-08-08T14:11:58","modified_gmt":"2024-08-08T17:11:58","slug":"mesmo-com-aumento-nos-lucros-banqueiros-choram-e-propoem-precarizar-salarios","status":"publish","type":"post","link":"https:\/\/hostnetart.com.br\/baixada\/mesmo-com-aumento-nos-lucros-banqueiros-choram-e-propoem-precarizar-salarios\/","title":{"rendered":"Mesmo com aumento nos lucros, banqueiros choram e prop\u00f5em precarizar sal\u00e1rios"},"content":{"rendered":"<p>Na 6\u00aa rodada de negocia\u00e7\u00e3o da Campanha Nacional dos Banc\u00e1rios, que aconteceu nesta quarta-feira (7), o Comando Nacional cobrou da Federa\u00e7\u00e3o Nacional do Bancos (Fenaban) aumento real nos sal\u00e1rios, aumento na PLR e melhorias nas demais cl\u00e1usulas econ\u00f4micas, como nos vales alimenta\u00e7\u00e3o e refei\u00e7\u00e3o, diante dos significativos resultados financeiros dos bancos.<\/p>\n<p>A Consulta Nacional dos Banc\u00e1rios deste ano, realizada com quase 47 mil trabalhadoras e trabalhadores em todo o pa\u00eds, aponta que o aumento real no sal\u00e1rio est\u00e1 no topo (93%) das prioridades da categoria, seguida pelo aumento da PLR (63%), e dos vales alimenta\u00e7\u00e3o e refei\u00e7\u00e3o (51%).<\/p>\n<p>O porta-voz da Fenaban falou de aumento de concorr\u00eancia no setor, diante do surgimento de novas institui\u00e7\u00f5es de pagamento. Disse ainda que essa concorr\u00eancia coloca o setor banc\u00e1rio em risco no pa\u00eds e sugeriu propostas que poderiam precarizar direitos e rebaixar os sal\u00e1rios.<\/p>\n<p>\u201cOs bancos est\u00e3o chorando de barriga cheia. Mostramos que, entre 2003 e 2023, o lucro l\u00edquido dos maiores bancos no Brasil cresceu 169% acima da infla\u00e7\u00e3o. Al\u00e9m dos lucros, os bancos sempre mantiveram rentabilidade significativa no pa\u00eds, mesmo em momentos de crise, com crescimento m\u00e9dio de 15% acima da infla\u00e7\u00e3o. A t\u00edtulo de compara\u00e7\u00e3o, os bancos dos Estados Unidos t\u00eam rentabilidade m\u00e9dia de 6,5% acima da infla\u00e7\u00e3o, na Espanha 10% e na Inglaterra 9%&#8221;, destacou a coordenadora do Comando Nacional dos Banc\u00e1rios e tamb\u00e9m presidenta da Confedera\u00e7\u00e3o Nacional dos Trabalhadores e Trabalhadoras do Ramo Financeiro (Contraf-CUT), Juvandia Moreira. \u201cAtualmente, 82% do cr\u00e9dito brasileiro e 81% dos ativos do setor financeiro est\u00e3o nas m\u00e3os dos bancos\u201d, completou.<\/p>\n<p>Os trabalhadores ressaltaram ainda que, apesar de a Conven\u00e7\u00e3o Coletiva de Trabalho ter garantido aumento real de 21% na remunera\u00e7\u00e3o da categoria, entre 2003 e 2023, efetivamente, os ganhos reais no per\u00edodo foram de 16%, por causa da rotatividade no setor, uma vez que trabalhadores admitidos ingressam com sal\u00e1rios menores que os admitidos. E, nos \u00faltimos oito anos, os banc\u00e1rios tiveram um d\u00e9ficit nos sal\u00e1rios de 0,3%, abaixo da infla\u00e7\u00e3o.<\/p>\n<p>\u201cEnt\u00e3o, a realidade \u00e9 que os bancos est\u00e3o retirando os ganhos da categoria, obtidos em acordo coletivo, por meio da rotatividade e isso impacta tamb\u00e9m na qualidade dos servi\u00e7os para os clientes, porque demitem trabalhadores mais experientes, novamente, colocando os ganhos financeiros acima dos direitos trabalhistas e do atendimento melhor\u201d, completou Juvandia.<\/p>\n<p>A tamb\u00e9m coordenadora do Comando Nacional dos Banc\u00e1rios, Neiva Ribeiro, lembrou que, entre 2003 a 2023, as receitas de tarifas dos bancos cresceram 120% acima da infla\u00e7\u00e3o. \u201cAs receitas com as tarifas s\u00e3o por onde as empresas retiram recursos para a folha de pagamento. Neste mesmo per\u00edodo, de 20 anos, as despesas com pessoal dos bancos cresceram 52%. Se pegarmos ent\u00e3o o oper\u00edodo a partir de 2017 at\u00e9 2023, as despesas com pessoal dos bancos ca\u00edram 10% em termos reais&#8221;, ressaltou, com base em levantamento do Dieese.<\/p>\n<p><strong>Principais revindica\u00e7\u00f5es da mesa<\/strong><\/p>\n<p><em><strong>Recomposi\u00e7\u00e3o salarial:<\/strong><\/em><\/p>\n<p>&#8211; Que o reajuste salarial corresponda \u00e0 reposi\u00e7\u00e3o da infla\u00e7\u00e3o, pelo INPC acumulado entre setembro de 2023 e agosto de 2024, acrescido do aumento real de 5%.<\/p>\n<p><em><strong>Participa\u00e7\u00e3o nos Lucros e Resultados:<\/strong><\/em><\/p>\n<p>&#8211; Garantia de que todos os empregados, independentemente de faixa salarial e incluindo aposentados e afastados por motivos de sa\u00fade ou acidente, tenham participa\u00e7\u00e3o nos lucros da empresa, a partir do pagamento de tr\u00eas sal\u00e1rios-base, mais as verbas fixas de natureza salarial, reajustadas em setembro de 2024.<\/p>\n<p>&#8211; Que as empresas paguem, a t\u00edtulo de parcela adicional, o valor fixo de R$ 15.400,07, corrigido pelo INPC-IBGE, acumulado no per\u00edodo entre setembro de 2023 e agosto de 2024, acrescido de aumento real de 5%.<\/p>\n<p>&#8211; Que os bancos n\u00e3o descontem da PLR (seja regra b\u00e1sica, seja parcela adicional) outros pagamentos feitos por planos pr\u00f3prios e de remunera\u00e7\u00e3o vari\u00e1vel.<\/p>\n<p>&#8211; Transpar\u00eancia nas regras usadas pelos bancos para calcular e pagar a PLR.<\/p>\n<p><em><strong>Aux\u00edlio alimenta\u00e7\u00e3o e aux\u00edlio refei\u00e7\u00e3o:<\/strong><\/em><\/p>\n<p>&#8211; Aumento do VA dos atuais R$ 835,99, pagos mensalmente, para R$ 1.412,00, e aumento do VR dos atuais R$ 1.060,84, pagos sob a forma de 22 tickets de R$ 48,22, para R$ 1.412,00, pagos em 23 tickets de R$ 61,39.<\/p>\n<p><em><strong>Aux\u00edlios creche e bab\u00e1:<\/strong><\/em><\/p>\n<p>&#8211; Pagos no valor de um sal\u00e1rio-m\u00ednimo, R$ 1.412,00.<\/p>\n<p><strong>Endividamento entre os banc\u00e1rios<\/strong><\/p>\n<p>O Comando Nacional tamb\u00e9m levou \u00e0 mesa resultados da pesquisa sobre a situa\u00e7\u00e3o de endividamento da categoria: 71% est\u00e3o com d\u00edvidas. Desses, 46% com cart\u00e3o de cr\u00e9dito e 42% com cr\u00e9dito pessoal.<\/p>\n<p>A t\u00edtulo de compara\u00e7\u00e3o, a Pesquisa de Endividamento e Inadimpl\u00eancia do Consumidor (PEIC), da Confedera\u00e7\u00e3o Nacional do Com\u00e9rcio, aponta que 78,8% das fam\u00edlias do pa\u00eds est\u00e3o endividadas. Na popula\u00e7\u00e3o com renda acima de 10 sal\u00e1rios m\u00ednimos, esse percentual \u00e9 71,4%.<\/p>\n<p>Entre os banc\u00e1rios endividados, 10% est\u00e3o com atrasos, enquanto a m\u00e9dia das fam\u00edlias com alguma d\u00edvida em atraso no pa\u00eds est\u00e1 em 28,6%.<\/p>\n<p>&#8220;Dessas d\u00edvidas em atraso, entre os banc\u00e1rios, 66% s\u00e3o com cart\u00e3o de cr\u00e9dito e 45% cr\u00e9dito pessoal, o que \u00e9 muito preocupante, sobretudo no caso do cart\u00e3o de cr\u00e9dito, diante dos juros extorsivos do rotativo&#8221;, pontuou Juvandia Moreira.<\/p>\n<p>O Comando Nacional dos Banc\u00e1rios lembrou que, at\u00e9 2022, ocorreu um aumento nos n\u00edveis de endividamento do pa\u00eds, por conta de fatores como crise pol\u00edtica e econ\u00f4mica e a covid-19. Esses n\u00edveis come\u00e7aram a melhorar em 2023, com infla\u00e7\u00e3o sob controle, melhora na atividade econ\u00f4mica, programas de governo para fam\u00edlias sa\u00edrem do endividamento, como o Desenrola, e aumento nos n\u00edveis de emprego.<\/p>\n<p>\u201cNossa reivindica\u00e7\u00e3o neste ponto do endividamento \u00e9 para que os bancos atuem, por exemplo, com a cria\u00e7\u00e3o de um cr\u00e9dito consignado, com juros abaixo dos praticados, para os funcion\u00e1rios. Chamamos a aten\u00e7\u00e3o tamb\u00e9m que, com a melhora das atividades econ\u00f4micas, os bancos est\u00e3o apresentando melhores lucros, em rela\u00e7\u00e3o aos anos recentes, e isso \u00e9 reflexo dos esfor\u00e7os da categoria, no seu dia a dia no trabalho, e que devem ser reconhecidos, com melhoria na remunera\u00e7\u00e3o\u201d, ressaltou Juvandia.<\/p>\n<p><strong>Dia de mobiliza\u00e7\u00e3o<\/strong><\/p>\n<p>O pr\u00f3ximo encontro com a Fenaban ser\u00e1 em 13 de agosto. O Comando cobrou que os bancos tragam, no dia, propostas j\u00e1 debatidas at\u00e9 o momento na campanha nacional.<\/p>\n<p>No dia 12, a categoria realizar\u00e1 um dia nacional de lutas, para cobrar propostas decentes dos bancos.<\/p>\n<p><strong>Calend\u00e1rio das pr\u00f3ximas negocia\u00e7\u00f5es<\/strong><\/p>\n<p>13\/08 \u2013 Cl\u00e1usulas econ\u00f4micas<\/p>\n<p>20\/08 \u2013 Em defini\u00e7\u00e3o<\/p>\n<p>27\/08 \u2013 Em defini\u00e7\u00e3o<\/p>\n<p><strong>Fonte: Contraf-CUT<\/strong><\/p>\n","protected":false},"excerpt":{"rendered":"<p>Na 6\u00aa rodada de negocia\u00e7\u00e3o da Campanha Nacional dos Banc\u00e1rios, que aconteceu nesta quarta-feira (7), o Comando Nacional cobrou da Federa\u00e7\u00e3o Nacional do Bancos (Fenaban) aumento real nos sal\u00e1rios, aumento na PLR e melhorias nas demais cl\u00e1usulas econ\u00f4micas, como nos vales alimenta\u00e7\u00e3o e refei\u00e7\u00e3o, diante dos significativos resultados financeiros dos bancos. A Consulta Nacional dos [&hellip;]<\/p>\n","protected":false},"author":2,"featured_media":15641,"comment_status":"","ping_status":"","sticky":false,"template":"","format":"standard","meta":{"footnotes":""},"categories":[3],"tags":[],"class_list":["post-15642","post","type-post","status-publish","format-standard","has-post-thumbnail","hentry","category-noticias"],"_links":{"self":[{"href":"https:\/\/hostnetart.com.br\/baixada\/wp-json\/wp\/v2\/posts\/15642","targetHints":{"allow":["GET"]}}],"collection":[{"href":"https:\/\/hostnetart.com.br\/baixada\/wp-json\/wp\/v2\/posts"}],"about":[{"href":"https:\/\/hostnetart.com.br\/baixada\/wp-json\/wp\/v2\/types\/post"}],"author":[{"embeddable":true,"href":"https:\/\/hostnetart.com.br\/baixada\/wp-json\/wp\/v2\/users\/2"}],"replies":[{"embeddable":true,"href":"https:\/\/hostnetart.com.br\/baixada\/wp-json\/wp\/v2\/comments?post=15642"}],"version-history":[{"count":0,"href":"https:\/\/hostnetart.com.br\/baixada\/wp-json\/wp\/v2\/posts\/15642\/revisions"}],"wp:featuredmedia":[{"embeddable":true,"href":"https:\/\/hostnetart.com.br\/baixada\/wp-json\/wp\/v2\/media\/15641"}],"wp:attachment":[{"href":"https:\/\/hostnetart.com.br\/baixada\/wp-json\/wp\/v2\/media?parent=15642"}],"wp:term":[{"taxonomy":"category","embeddable":true,"href":"https:\/\/hostnetart.com.br\/baixada\/wp-json\/wp\/v2\/categories?post=15642"},{"taxonomy":"post_tag","embeddable":true,"href":"https:\/\/hostnetart.com.br\/baixada\/wp-json\/wp\/v2\/tags?post=15642"}],"curies":[{"name":"wp","href":"https:\/\/api.w.org\/{rel}","templated":true}]}}