{"id":15636,"date":"2024-08-08T14:09:58","date_gmt":"2024-08-08T17:09:58","guid":{"rendered":"https:\/\/hostnetart.com.br\/baixada\/caixa-cee-cobra-reconhecimento-do-trabalho-de-todas-e-todos\/"},"modified":"2024-08-08T14:09:58","modified_gmt":"2024-08-08T17:09:58","slug":"caixa-cee-cobra-reconhecimento-do-trabalho-de-todas-e-todos","status":"publish","type":"post","link":"https:\/\/hostnetart.com.br\/baixada\/caixa-cee-cobra-reconhecimento-do-trabalho-de-todas-e-todos\/","title":{"rendered":"Caixa: CEE cobra reconhecimento do trabalho de todas e todos"},"content":{"rendered":"<p>A Comiss\u00e3o Executiva dos Empregados (CEE) da Caixa Econ\u00f4mica Federal cobrou, nesta quarta-feira (7\/8), durante reuni\u00e3o de negocia\u00e7\u00e3o para renova\u00e7\u00e3o do Acordo Coletivo, que o banco reconhe\u00e7a o trabalho de todas as empregadas e empregados no pagamento do B\u00f4nus Caixa. Outra demanda apresentada nesta quarta-feira foi para que se promova a chamada \u201csubstitui\u00e7\u00e3o em cascata\u201d, nos casos de colegas que precisem cobrir as tarefas daqueles que precisarem se afastar temporariamente, e pague os devidos sal\u00e1rios das fun\u00e7\u00f5es que sejam realizadas.<\/p>\n<p>Lizandre Borges, Diretora de Sa\u00fade do Trabalhador da Federa\u00e7\u00e3o dos Trabalhadores do Ramo Financeiro dos Estados do Rio de Janeiro e Esp\u00edrito Santo (Fetraf RJ\/ES) e integrante a CEE da Caixa, participou da reuni\u00e3o.<\/p>\n<p>Tamb\u00e9m foram cobradas solu\u00e7\u00f5es para o endividamento dos trabalhadores e que o banco aplique a menor taxa que \u00e9 concedida pelo banco, para os empregados da ativa e aposentados que solicitem empr\u00e9stimos consignados.<\/p>\n<p>Outra cobran\u00e7a foi para que sejam observados os pedidos de transfer\u00eancias registrados no Movimenta.Caixa, antes das contrata\u00e7\u00f5es de novos empregados aprovados no \u00faltimo concurso p\u00fablico.<\/p>\n<p>A representa\u00e7\u00e3o dos empregados tamb\u00e9m cobrou a r\u00e1pida estrutura\u00e7\u00e3o das Gipes e Repes, para que elas possam, o mais r\u00e1pido poss\u00edvel come\u00e7ar a desempenhar sua fun\u00e7\u00e3o e, desta forma, sejam solucionados problemas regionais que prejudicam o dia a dia de trabalho e a qualidade de atendimento do Sa\u00fade Caixa.<\/p>\n<p>\u201cO banco tem acolhido nossas reivindica\u00e7\u00f5es e dito que podem ser estudadas solu\u00e7\u00f5es, mas ainda n\u00e3o trouxe nada de concreto para que a gente possa apresentar para o conjunto das empregadas e empregados\u201d, disse o diretor da Contraf-CUT e coordenador da CEE, Rafael de Castro. \u201cA promessa era a de que no in\u00edcio de agosto as devolutivas sobre nossas reivindica\u00e7\u00f5es nos seriam apresentadas. Esperamos que na semana que sejam trazidas as respostas\u201d, completou.<\/p>\n<p><a href=\"https:\/\/contrafcut.com.br\/noticias\/mesmo-com-aumento-nos-lucros-banqueiros-choram-e-propoem-precarizar-salarios\/\" target=\"_blank\" rel=\"noopener noreferrer\">Na mesa \u00fanica de negocia\u00e7\u00f5es<\/a> entre o Comando Nacional dos Banc\u00e1rios com a Federa\u00e7\u00e3o Nacional dos Bancos (Fenaban), as respostas dos bancos n\u00e3o tem sido t\u00e3o diferentes e a representa\u00e7\u00e3o sindical dos trabalhadores j\u00e1 agendou para o dia 12 de agosto (segunda-feira), um dia de mobiliza\u00e7\u00e3o nacional\u00a0para cobrar respostas satisfat\u00f3rias \u00e0s reivindica\u00e7\u00f5es da categoria. \u201cA orienta\u00e7\u00e3o \u00e9 para que as empregadas e empregados da Caixa participem ativamente das atividades e estejam mobilizados para cobrar respostas da Caixa e da Fenaban\u201d, disse Rafael de Castro.<\/p>\n<p><strong>Fonte: Contraf-CUT<\/strong><\/p>\n","protected":false},"excerpt":{"rendered":"<p>A Comiss\u00e3o Executiva dos Empregados (CEE) da Caixa Econ\u00f4mica Federal cobrou, nesta quarta-feira (7\/8), durante reuni\u00e3o de negocia\u00e7\u00e3o para renova\u00e7\u00e3o do Acordo Coletivo, que o banco reconhe\u00e7a o trabalho de todas as empregadas e empregados no pagamento do B\u00f4nus Caixa. Outra demanda apresentada nesta quarta-feira foi para que se promova a chamada \u201csubstitui\u00e7\u00e3o em cascata\u201d, [&hellip;]<\/p>\n","protected":false},"author":2,"featured_media":15635,"comment_status":"","ping_status":"","sticky":false,"template":"","format":"standard","meta":{"footnotes":""},"categories":[3],"tags":[],"class_list":["post-15636","post","type-post","status-publish","format-standard","has-post-thumbnail","hentry","category-noticias"],"_links":{"self":[{"href":"https:\/\/hostnetart.com.br\/baixada\/wp-json\/wp\/v2\/posts\/15636","targetHints":{"allow":["GET"]}}],"collection":[{"href":"https:\/\/hostnetart.com.br\/baixada\/wp-json\/wp\/v2\/posts"}],"about":[{"href":"https:\/\/hostnetart.com.br\/baixada\/wp-json\/wp\/v2\/types\/post"}],"author":[{"embeddable":true,"href":"https:\/\/hostnetart.com.br\/baixada\/wp-json\/wp\/v2\/users\/2"}],"replies":[{"embeddable":true,"href":"https:\/\/hostnetart.com.br\/baixada\/wp-json\/wp\/v2\/comments?post=15636"}],"version-history":[{"count":0,"href":"https:\/\/hostnetart.com.br\/baixada\/wp-json\/wp\/v2\/posts\/15636\/revisions"}],"wp:featuredmedia":[{"embeddable":true,"href":"https:\/\/hostnetart.com.br\/baixada\/wp-json\/wp\/v2\/media\/15635"}],"wp:attachment":[{"href":"https:\/\/hostnetart.com.br\/baixada\/wp-json\/wp\/v2\/media?parent=15636"}],"wp:term":[{"taxonomy":"category","embeddable":true,"href":"https:\/\/hostnetart.com.br\/baixada\/wp-json\/wp\/v2\/categories?post=15636"},{"taxonomy":"post_tag","embeddable":true,"href":"https:\/\/hostnetart.com.br\/baixada\/wp-json\/wp\/v2\/tags?post=15636"}],"curies":[{"name":"wp","href":"https:\/\/api.w.org\/{rel}","templated":true}]}}