{"id":15634,"date":"2024-08-07T11:22:38","date_gmt":"2024-08-07T14:22:38","guid":{"rendered":"https:\/\/hostnetart.com.br\/baixada\/sindicato-dos-bancarios-da-baixada-fluminense-reintegra-mais-um-funcionario-do-itau-2\/"},"modified":"2024-08-07T11:22:38","modified_gmt":"2024-08-07T14:22:38","slug":"sindicato-dos-bancarios-da-baixada-fluminense-reintegra-mais-um-funcionario-do-itau-2","status":"publish","type":"post","link":"https:\/\/hostnetart.com.br\/baixada\/sindicato-dos-bancarios-da-baixada-fluminense-reintegra-mais-um-funcionario-do-itau-2\/","title":{"rendered":"Sindicato dos Banc\u00e1rios da Baixada Fluminense reintegra mais um funcion\u00e1rio do Ita\u00fa"},"content":{"rendered":"<p>Mais um funcion\u00e1rio do Banco Ita\u00fa foi reintegrado pelo Sindicato dos Banc\u00e1rios da Baixada Fluminense.<\/p>\n<p>Cl\u00e1udio Fernandes Albuquerque foi reintegrado nesta ter\u00e7a-feira, 6 de agosto.<\/p>\n<p>O banc\u00e1rio foi demitido estando acometido de doen\u00e7a ocupacional, mas a Justi\u00e7a reconheceu o acidente de trabalho na per\u00edcia m\u00e9dica, e foi deferido o benef\u00edcio B-91.<\/p>\n<p>Assim, foi determinada sua reintegra\u00e7\u00e3o ao emprego.<\/p>\n<p><strong>IMPORTANTE<\/strong><\/p>\n<p>O trabalhador banc\u00e1rio \u00e9 sindicalizado e, logo ap\u00f3s seu desligamento, procurou atendimento no Sindicato dos Banc\u00e1rios da Baixada Fluminense, onde foi prontamente atendido pelo Departamento Jur\u00eddico, atrav\u00e9s do advogado Luiz Paulo do Escrit\u00f3rio Baptista &amp; Reis Advogados Associados, e pelo Departamento de Sa\u00fade.<\/p>\n<p>\u00c9 fundamental que banc\u00e1rias e banc\u00e1rios, logo que sejam informados de suas demiss\u00f5es, procurem imediatamente atendimento no Sindicato.<\/p>\n<p><b>ATENDIMENTO JUR\u00cdDICO PRESENCIAL<\/b><\/p>\n<p>Nova Igua\u00e7u &#8211; \u00e0s ter\u00e7as-feiras, das 11 horas \u00e0 13 horas e das 14 horas \u00e0s 17 horas (telefone: 21 &#8211; 2658-8041)<\/p>\n<p>Duque de Caxias &#8211; \u00e0s quintas-feiras, das 10 horas \u00e0s 13 horas (telefone: 21 \/ 26710-110)<\/p>\n<p><b>SINDICALIZE-SE<\/b><\/p>\n","protected":false},"excerpt":{"rendered":"<p>Mais um funcion\u00e1rio do Banco Ita\u00fa foi reintegrado pelo Sindicato dos Banc\u00e1rios da Baixada Fluminense. Cl\u00e1udio Fernandes Albuquerque foi reintegrado nesta ter\u00e7a-feira, 6 de agosto. O banc\u00e1rio foi demitido estando acometido de doen\u00e7a ocupacional, mas a Justi\u00e7a reconheceu o acidente de trabalho na per\u00edcia m\u00e9dica, e foi deferido o benef\u00edcio B-91. Assim, foi determinada sua [&hellip;]<\/p>\n","protected":false},"author":2,"featured_media":15633,"comment_status":"","ping_status":"","sticky":false,"template":"","format":"standard","meta":{"footnotes":""},"categories":[3],"tags":[],"class_list":["post-15634","post","type-post","status-publish","format-standard","has-post-thumbnail","hentry","category-noticias"],"_links":{"self":[{"href":"https:\/\/hostnetart.com.br\/baixada\/wp-json\/wp\/v2\/posts\/15634","targetHints":{"allow":["GET"]}}],"collection":[{"href":"https:\/\/hostnetart.com.br\/baixada\/wp-json\/wp\/v2\/posts"}],"about":[{"href":"https:\/\/hostnetart.com.br\/baixada\/wp-json\/wp\/v2\/types\/post"}],"author":[{"embeddable":true,"href":"https:\/\/hostnetart.com.br\/baixada\/wp-json\/wp\/v2\/users\/2"}],"replies":[{"embeddable":true,"href":"https:\/\/hostnetart.com.br\/baixada\/wp-json\/wp\/v2\/comments?post=15634"}],"version-history":[{"count":0,"href":"https:\/\/hostnetart.com.br\/baixada\/wp-json\/wp\/v2\/posts\/15634\/revisions"}],"wp:featuredmedia":[{"embeddable":true,"href":"https:\/\/hostnetart.com.br\/baixada\/wp-json\/wp\/v2\/media\/15633"}],"wp:attachment":[{"href":"https:\/\/hostnetart.com.br\/baixada\/wp-json\/wp\/v2\/media?parent=15634"}],"wp:term":[{"taxonomy":"category","embeddable":true,"href":"https:\/\/hostnetart.com.br\/baixada\/wp-json\/wp\/v2\/categories?post=15634"},{"taxonomy":"post_tag","embeddable":true,"href":"https:\/\/hostnetart.com.br\/baixada\/wp-json\/wp\/v2\/tags?post=15634"}],"curies":[{"name":"wp","href":"https:\/\/api.w.org\/{rel}","templated":true}]}}