{"id":15632,"date":"2024-08-06T15:20:29","date_gmt":"2024-08-06T18:20:29","guid":{"rendered":"https:\/\/hostnetart.com.br\/baixada\/sindicato-percorre-agencias-da-baixada-fluminense-pedindo-valorizacao-da-categoria\/"},"modified":"2024-08-06T15:20:29","modified_gmt":"2024-08-06T18:20:29","slug":"sindicato-percorre-agencias-da-baixada-fluminense-pedindo-valorizacao-da-categoria","status":"publish","type":"post","link":"https:\/\/hostnetart.com.br\/baixada\/sindicato-percorre-agencias-da-baixada-fluminense-pedindo-valorizacao-da-categoria\/","title":{"rendered":"Sindicato percorre ag\u00eancias da Baixada Fluminense pedindo valoriza\u00e7\u00e3o da categoria"},"content":{"rendered":"<p>Nesta ter\u00e7a-feira, 6 de agosto, o Sindicato dos Banc\u00e1rios da Baixada Fluminense percorreu ag\u00eancias da regi\u00e3o, para mobilizar a categoria pedindo reajustes na remunera\u00e7\u00e3o.<\/p>\n<p>O ato, que teve como mote o slogan &#8220;se tem lucro, tem que ter valoriza\u00e7\u00e3o\u201d, ocorre um dia antes da 6\u00aa rodada de negocia\u00e7\u00f5es com a Federa\u00e7\u00e3o Nacional dos Bancos (Fenaban), na Campanha Nacional dos Banc\u00e1rios para a renova\u00e7\u00e3o da Conven\u00e7\u00e3o Coletiva de Trabalho (CCT).<\/p>\n<p>Al\u00e9m disso, as diretoras e diretores do Sindicato tamb\u00e9m falaram sobre o andamento da Campanha Nacional dos Banc\u00e1rios 2024.<\/p>\n<p>Amanh\u00e3, quarta-feira (7), das 9h \u00e0s 11h, a categoria ir\u00e1 realizar um tuita\u00e7o, com a hashtag #JuntosPorValoriza\u00e7\u00e3o.<\/p>\n<p><strong>Dados<\/strong><\/p>\n<p>O aumento real de sal\u00e1rio, o aumento da PLR e nos vales alimenta\u00e7\u00e3o e refei\u00e7\u00e3o (VA\/VR) s\u00e3o, respectivamente, as tr\u00eas primeiras prioridades da categoria na Consulta Nacional dos Banc\u00e1rios que, neste ano, foi respondida por quase 47 mil pessoas.<\/p>\n<p><span style=\"text-decoration: underline;\">As principais reivindica\u00e7\u00f5es nestes tr\u00eas pontos, inclu\u00eddas na minuta aprovada durante a 26\u00aa Confer\u00eancia Nacional dos Trabalhadores do Ramo Financeiro, s\u00e3o:<\/span><\/p>\n<p><em><strong>Recomposi\u00e7\u00e3o salarial<\/strong><\/em><\/p>\n<p>&#8211;\u00a0Reajuste que corresponda \u00e0 reposi\u00e7\u00e3o da infla\u00e7\u00e3o, medida pelo INPC acumulado entre setembro de 2023 e agosto de 2024, acrescido do aumento real de 5%.<\/p>\n<p><em><strong>Participa\u00e7\u00e3o nos Lucros e Resultados<\/strong><\/em><\/p>\n<p>&#8211; Pagamento de tr\u00eas sal\u00e1rios-bases, mais as verbas fixas de natureza salarial, reajustadas em setembro de 2024;<br \/>&#8211; Parcela adicional no valor fixo de R$ 15.400,07, corrigido pelo INPC-IBGE, acumulado no per\u00edodo entre setembro de 2023 e agosto de 2024, acrescido de aumento real de 5%;<br \/>&#8211; Que os bancos n\u00e3o descontem da PLR (seja regra b\u00e1sica, seja parcela adicional) outros valores pagos em planos pr\u00f3prios e de remunera\u00e7\u00e3o vari\u00e1vel;<br \/>&#8211; E que todos os empregados tenham a PLR, independentemente de faixa salarial e incluindo aposentados e afastados por motivos de sa\u00fade ou acidente.<\/p>\n<p><strong><em>V<\/em><em>ales alimenta\u00e7\u00e3o e refei\u00e7\u00e3o<\/em><\/strong><\/p>\n<p>&#8211; No vale alimenta\u00e7\u00e3o (VA) a reivindica\u00e7\u00e3o \u00e9 aumento dos atuais R$ 835,99, pagos mensalmente, para R$ 1.412,00;<br \/>&#8211; No vale refei\u00e7\u00e3o (VR), aumento dos atuais R$ 1.060,84, pagos sob a forma de 22 tickets de R$ 48,22, para R$ 1.412,00, pagos em 23 tickets de R$ 61,39;<\/p>\n<p>Entre 2003 e 2023, a rentabilidade m\u00e9dia de todos os bancos do pa\u00eds (capacidade de obterem retorno financeiro a partir de investimentos, em rela\u00e7\u00e3o ao patrim\u00f4nio) tamb\u00e9m foi significativamente superior \u00e0 infla\u00e7\u00e3o, mesmo durante a pandemia, quando a m\u00e9dia ficou 2,5 vezes acima. Em 2023, enquanto a infla\u00e7\u00e3o no ano foi 4,62%, a rentabilidade m\u00e9dia dessas institui\u00e7\u00f5es financeiras foi 15%.<\/p>\n<p><em>*confira as fotos em nossas redes sociais\u00a0<\/em><\/p>\n","protected":false},"excerpt":{"rendered":"<p>Nesta ter\u00e7a-feira, 6 de agosto, o Sindicato dos Banc\u00e1rios da Baixada Fluminense percorreu ag\u00eancias da regi\u00e3o, para mobilizar a categoria pedindo reajustes na remunera\u00e7\u00e3o. O ato, que teve como mote o slogan &#8220;se tem lucro, tem que ter valoriza\u00e7\u00e3o\u201d, ocorre um dia antes da 6\u00aa rodada de negocia\u00e7\u00f5es com a Federa\u00e7\u00e3o Nacional dos Bancos (Fenaban), [&hellip;]<\/p>\n","protected":false},"author":2,"featured_media":15631,"comment_status":"","ping_status":"","sticky":false,"template":"","format":"standard","meta":{"footnotes":""},"categories":[3],"tags":[],"class_list":["post-15632","post","type-post","status-publish","format-standard","has-post-thumbnail","hentry","category-noticias"],"_links":{"self":[{"href":"https:\/\/hostnetart.com.br\/baixada\/wp-json\/wp\/v2\/posts\/15632","targetHints":{"allow":["GET"]}}],"collection":[{"href":"https:\/\/hostnetart.com.br\/baixada\/wp-json\/wp\/v2\/posts"}],"about":[{"href":"https:\/\/hostnetart.com.br\/baixada\/wp-json\/wp\/v2\/types\/post"}],"author":[{"embeddable":true,"href":"https:\/\/hostnetart.com.br\/baixada\/wp-json\/wp\/v2\/users\/2"}],"replies":[{"embeddable":true,"href":"https:\/\/hostnetart.com.br\/baixada\/wp-json\/wp\/v2\/comments?post=15632"}],"version-history":[{"count":0,"href":"https:\/\/hostnetart.com.br\/baixada\/wp-json\/wp\/v2\/posts\/15632\/revisions"}],"wp:featuredmedia":[{"embeddable":true,"href":"https:\/\/hostnetart.com.br\/baixada\/wp-json\/wp\/v2\/media\/15631"}],"wp:attachment":[{"href":"https:\/\/hostnetart.com.br\/baixada\/wp-json\/wp\/v2\/media?parent=15632"}],"wp:term":[{"taxonomy":"category","embeddable":true,"href":"https:\/\/hostnetart.com.br\/baixada\/wp-json\/wp\/v2\/categories?post=15632"},{"taxonomy":"post_tag","embeddable":true,"href":"https:\/\/hostnetart.com.br\/baixada\/wp-json\/wp\/v2\/tags?post=15632"}],"curies":[{"name":"wp","href":"https:\/\/api.w.org\/{rel}","templated":true}]}}