{"id":15630,"date":"2024-08-06T15:16:38","date_gmt":"2024-08-06T18:16:38","guid":{"rendered":"https:\/\/hostnetart.com.br\/baixada\/caixa-reativa-estruturas-regionais-de-pessoas\/"},"modified":"2024-08-06T15:16:38","modified_gmt":"2024-08-06T18:16:38","slug":"caixa-reativa-estruturas-regionais-de-pessoas","status":"publish","type":"post","link":"https:\/\/hostnetart.com.br\/baixada\/caixa-reativa-estruturas-regionais-de-pessoas\/","title":{"rendered":"Caixa reativa estruturas regionais de pessoas"},"content":{"rendered":"<p>Nesta segunda-feira (5), dia em que foram empossados, as gerentes, os gerentes e representantes regionais de pessoas da Caixa Econ\u00f4mica Federal receberam, um of\u00edcio do sindicato local, no qual a entidade se coloca \u00e0 disposi\u00e7\u00e3o para contribuir com a gest\u00e3o humanizada do banco. Os sindicatos tamb\u00e9m solicitaram a r\u00e1pida instala\u00e7\u00e3o do comit\u00ea regional de credenciamento e descredenciamento do Sa\u00fade Caixa e o agendamento de uma reuni\u00e3o para dar in\u00edcio as atividades do comit\u00ea.<\/p>\n<p>\u201cEm v\u00e1rias localidades do pa\u00eds, a rede credenciada do Sa\u00fade Caixa \u00e9 muito prec\u00e1ria. Perde-se um dia inteiro, ou mais, de trabalho para se fazer uma consulta m\u00e9dica. Isso gera preju\u00edzo para o banco e para os empregados e ainda atrapalha o funcionamento da unidade, uma vez que os demais empregados ficam ainda mais sobrecarregados\u201d, explicou o diretor da Contraf-CUT e coordenador da Comiss\u00e3o Executiva dos Empregados (CEE) da Caixa, Rafael de Castro. \u201c\u00c9 preciso, o quanto antes, ampliar a rede credenciada para resolver este problema\u201d, completou.<\/p>\n<p><strong>&gt;&gt;&gt;&gt;&gt;<\/strong>\u00a0<a href=\"https:\/\/contrafcut.com.br\/galeria-de-fotos\/dia-nacional-de-mobilizacao-da-caixa.htm\" target=\"_blank\" rel=\"noopener noreferrer\">Veja galeria de fotos<\/a><\/p>\n<h2><strong>Mobiliza\u00e7\u00e3o<\/strong><\/h2>\n<p>Seguindo orienta\u00e7\u00e3o da CEE, os sindicatos tamb\u00e9m fizeram atividades em diversas ag\u00eancias da Caixa de todo o pa\u00eds para informar aos empregados sobre a reabertura das Gipes e das Repes e explicar que a reativa\u00e7\u00e3o das estruturas pode ajudar a solucionar problemas regionais, destacando que se trata de uma conquista da luta dos trabalhadores organizados por suas entidades de representa\u00e7\u00e3o sindical.<\/p>\n<p>Nas atividades, os dirigentes se revezavam ao microfone para passar informa\u00e7\u00f5es da Campanha Nacional dos Banc\u00e1rios 2024, sobre andamento das negocia\u00e7\u00f5es com a Federa\u00e7\u00e3o Nacional dos Bancos (Fenaban) e com a Caixa e para mobilizar as empregadas e empregados para as atividades sindicais.<\/p>\n<p>\u201cEstamos entrando em um momento muito importante da Campanha Nacional dos Banc\u00e1rios 2024. Nesta semana j\u00e1 come\u00e7am as rodadas de negocia\u00e7\u00e3o entre o Comando Nacional dos Banc\u00e1rios e a Fenaban sobre as cl\u00e1usulas econ\u00f4micas. A categoria reivindica o aumento real de 5% (INPC+5%) nos sal\u00e1rios, aumento dos vales refei\u00e7\u00e3o e alimenta\u00e7\u00e3o e da PLR\u201d, explicou a diretora executiva da Contraf-CUT, Eliana Brasil. \u201cAs negocia\u00e7\u00f5es sobre nosso acordo coletivo, espec\u00edfico da Caixa, tamb\u00e9m entram em um momento decisivo. O banco come\u00e7ar\u00e1 a trazer as respostas sobre as\u00a0<a href=\"https:\/\/contrafcut.com.br\/noticias\/39-conecef-define-reivindicacoes-especificas-para-a-caixa\/\" target=\"_blank\" rel=\"noopener noreferrer\">reivindica\u00e7\u00f5es aprovadas no 39\u00ba Conecef<\/a> e apresentadas \u00e0 Caixa. Todas e todos t\u00eam que ficar informados e mobilizados para a campanha\u201d, completou Eliana.<\/p>\n<h2><strong>Boletim Avante<\/strong><\/h2>\n<p>Durante as atividades, os sindicatos entregaram \u00e0s empregadas e empregados um boletim com informa\u00e7\u00f5es sobre as negocia\u00e7\u00f5es com a Caixa. O arquivo do material foi enviado pela Contraf-CUT a todas as entidades que fazem parte do Comando Nacional dos Banc\u00e1rios e est\u00e1 dispon\u00edvel na \u00e1rea restrita do site.<\/p>\n<p><strong>Fonte: Contraf-CUT<\/strong><\/p>\n","protected":false},"excerpt":{"rendered":"<p>Nesta segunda-feira (5), dia em que foram empossados, as gerentes, os gerentes e representantes regionais de pessoas da Caixa Econ\u00f4mica Federal receberam, um of\u00edcio do sindicato local, no qual a entidade se coloca \u00e0 disposi\u00e7\u00e3o para contribuir com a gest\u00e3o humanizada do banco. Os sindicatos tamb\u00e9m solicitaram a r\u00e1pida instala\u00e7\u00e3o do comit\u00ea regional de credenciamento [&hellip;]<\/p>\n","protected":false},"author":2,"featured_media":15629,"comment_status":"","ping_status":"","sticky":false,"template":"","format":"standard","meta":{"footnotes":""},"categories":[3],"tags":[],"class_list":["post-15630","post","type-post","status-publish","format-standard","has-post-thumbnail","hentry","category-noticias"],"_links":{"self":[{"href":"https:\/\/hostnetart.com.br\/baixada\/wp-json\/wp\/v2\/posts\/15630","targetHints":{"allow":["GET"]}}],"collection":[{"href":"https:\/\/hostnetart.com.br\/baixada\/wp-json\/wp\/v2\/posts"}],"about":[{"href":"https:\/\/hostnetart.com.br\/baixada\/wp-json\/wp\/v2\/types\/post"}],"author":[{"embeddable":true,"href":"https:\/\/hostnetart.com.br\/baixada\/wp-json\/wp\/v2\/users\/2"}],"replies":[{"embeddable":true,"href":"https:\/\/hostnetart.com.br\/baixada\/wp-json\/wp\/v2\/comments?post=15630"}],"version-history":[{"count":0,"href":"https:\/\/hostnetart.com.br\/baixada\/wp-json\/wp\/v2\/posts\/15630\/revisions"}],"wp:featuredmedia":[{"embeddable":true,"href":"https:\/\/hostnetart.com.br\/baixada\/wp-json\/wp\/v2\/media\/15629"}],"wp:attachment":[{"href":"https:\/\/hostnetart.com.br\/baixada\/wp-json\/wp\/v2\/media?parent=15630"}],"wp:term":[{"taxonomy":"category","embeddable":true,"href":"https:\/\/hostnetart.com.br\/baixada\/wp-json\/wp\/v2\/categories?post=15630"},{"taxonomy":"post_tag","embeddable":true,"href":"https:\/\/hostnetart.com.br\/baixada\/wp-json\/wp\/v2\/tags?post=15630"}],"curies":[{"name":"wp","href":"https:\/\/api.w.org\/{rel}","templated":true}]}}