{"id":15626,"date":"2024-08-06T13:14:59","date_gmt":"2024-08-06T16:14:59","guid":{"rendered":"https:\/\/hostnetart.com.br\/baixada\/itau-muda-regras-para-funcionarios-sem-cpa\/"},"modified":"2024-08-06T13:14:59","modified_gmt":"2024-08-06T16:14:59","slug":"itau-muda-regras-para-funcionarios-sem-cpa","status":"publish","type":"post","link":"https:\/\/hostnetart.com.br\/baixada\/itau-muda-regras-para-funcionarios-sem-cpa\/","title":{"rendered":"Ita\u00fa muda regras para funcion\u00e1rios sem CPA"},"content":{"rendered":"<h2>\u00a0<\/h2>\n<div class=\"news-details__post-info\">O Banco Ita\u00fa alterou as regras sobre como alertar os funcion\u00e1rios que n\u00e3o possuem a Certifica\u00e7\u00e3o Profissional Anbima (CPA). Antes, para um trabalhador que n\u00e3o tinha a certifica\u00e7\u00e3o e nunca havia feito a prova, o banco aplicava uma medida orientativa e concedia um prazo de 60 dias para realiza\u00e7\u00e3o do exame. Se o funcion\u00e1rio n\u00e3o realizasse a prova nesse per\u00edodo, recebia uma advert\u00eancia e um novo prazo de 60 dias. Caso o funcion\u00e1rio ainda n\u00e3o realizasse a prova, era advertido novamente e tinha mais um prazo de 30 dias. Se, ao final deste prazo, n\u00e3o obtivesse a certifica\u00e7\u00e3o, era demitido.<\/div>\n<p>No entanto, desde a semana passada, os funcion\u00e1rios est\u00e3o sendo surpreendidos com advert\u00eancias, mesmo aqueles que realizaram a prova e n\u00e3o foram aprovados.<\/p>\n<p>\u201cO Ita\u00fa precisa avaliar cada caso individualmente, considerando as dificuldades de aprova\u00e7\u00e3o, problemas de sa\u00fade e outros fatores que possam interferir na obten\u00e7\u00e3o da certifica\u00e7\u00e3o\u201d, afirmou Valeska Pincovai, coordenadora da Comiss\u00e3o de Organiza\u00e7\u00e3o dos Empregados (COE) do Ita\u00fa.<\/p>\n<p>A COE, atrav\u00e9s da Confedera\u00e7\u00e3o Nacional dos Trabalhadores do Ramo Financeiro (Contraf-CUT), enviou um of\u00edcio ao banco para solicitar a suspens\u00e3o dessas advert\u00eancias e uma reuni\u00e3o com o banco. O Ita\u00fa alega que j\u00e1 houve tempo suficiente para os funcion\u00e1rios obterem a certifica\u00e7\u00e3o, que atualmente \u00e9 obrigat\u00f3ria para todos os que trabalham com clientes, independente das regras do Banco Central.<\/p>\n<p>&#8220;Acreditamos que essa medida \u00e9 muito injusta, pois cada caso deve ser avaliado individualmente. Trabalhadores com problemas de sa\u00fade ou em licen\u00e7a-maternidade n\u00e3o podem ser punidos!&#8221;, refor\u00e7ou a coordenadora da COE.<\/p>\n<article class=\"article-content\">\n<section class=\"news-details\">\n<div class=\"news-details__body\">\n<div class=\"news-details__main-text visible\">\n<p>A COE Ita\u00fa alerta os trabalhadores para que fiquem atentos, pois tr\u00eas advert\u00eancias podem levar a uma demiss\u00e3o por justa causa. \u201cA orienta\u00e7\u00e3o \u00e9 que os funcion\u00e1rios procurem os sindicatos caso estejam enfrentando essa situa\u00e7\u00e3o, para que medidas jur\u00eddicas sejam tomadas, caso necess\u00e1rio, e para garantir que n\u00e3o haja injusti\u00e7as\u201d, finalizou Valeska.<\/p>\n<p><em>*com informa\u00e7\u00f5es da Contraf-CUT<\/em><\/p>\n<\/div>\n<\/div>\n<\/section>\n<\/article>\n<p>\u00a0<\/p>\n","protected":false},"excerpt":{"rendered":"<p>\u00a0 O Banco Ita\u00fa alterou as regras sobre como alertar os funcion\u00e1rios que n\u00e3o possuem a Certifica\u00e7\u00e3o Profissional Anbima (CPA). Antes, para um trabalhador que n\u00e3o tinha a certifica\u00e7\u00e3o e nunca havia feito a prova, o banco aplicava uma medida orientativa e concedia um prazo de 60 dias para realiza\u00e7\u00e3o do exame. Se o funcion\u00e1rio [&hellip;]<\/p>\n","protected":false},"author":2,"featured_media":15625,"comment_status":"","ping_status":"","sticky":false,"template":"","format":"standard","meta":{"footnotes":""},"categories":[3],"tags":[],"class_list":["post-15626","post","type-post","status-publish","format-standard","has-post-thumbnail","hentry","category-noticias"],"_links":{"self":[{"href":"https:\/\/hostnetart.com.br\/baixada\/wp-json\/wp\/v2\/posts\/15626","targetHints":{"allow":["GET"]}}],"collection":[{"href":"https:\/\/hostnetart.com.br\/baixada\/wp-json\/wp\/v2\/posts"}],"about":[{"href":"https:\/\/hostnetart.com.br\/baixada\/wp-json\/wp\/v2\/types\/post"}],"author":[{"embeddable":true,"href":"https:\/\/hostnetart.com.br\/baixada\/wp-json\/wp\/v2\/users\/2"}],"replies":[{"embeddable":true,"href":"https:\/\/hostnetart.com.br\/baixada\/wp-json\/wp\/v2\/comments?post=15626"}],"version-history":[{"count":0,"href":"https:\/\/hostnetart.com.br\/baixada\/wp-json\/wp\/v2\/posts\/15626\/revisions"}],"wp:featuredmedia":[{"embeddable":true,"href":"https:\/\/hostnetart.com.br\/baixada\/wp-json\/wp\/v2\/media\/15625"}],"wp:attachment":[{"href":"https:\/\/hostnetart.com.br\/baixada\/wp-json\/wp\/v2\/media?parent=15626"}],"wp:term":[{"taxonomy":"category","embeddable":true,"href":"https:\/\/hostnetart.com.br\/baixada\/wp-json\/wp\/v2\/categories?post=15626"},{"taxonomy":"post_tag","embeddable":true,"href":"https:\/\/hostnetart.com.br\/baixada\/wp-json\/wp\/v2\/tags?post=15626"}],"curies":[{"name":"wp","href":"https:\/\/api.w.org\/{rel}","templated":true}]}}