{"id":15618,"date":"2024-08-05T19:46:37","date_gmt":"2024-08-05T22:46:37","guid":{"rendered":"https:\/\/hostnetart.com.br\/baixada\/categoria-se-mobiliza-por-aumento-real-e-plr-maior-na-terca-6-e-quarta-7\/"},"modified":"2024-08-05T19:46:37","modified_gmt":"2024-08-05T22:46:37","slug":"categoria-se-mobiliza-por-aumento-real-e-plr-maior-na-terca-6-e-quarta-7","status":"publish","type":"post","link":"https:\/\/hostnetart.com.br\/baixada\/categoria-se-mobiliza-por-aumento-real-e-plr-maior-na-terca-6-e-quarta-7\/","title":{"rendered":"Categoria se mobiliza por aumento real e PLR maior na ter\u00e7a (6) e quarta (7)"},"content":{"rendered":"<\/p>\n<p>Nesta ter\u00e7a-feira (6), a categoria banc\u00e1ria realizar\u00e1 mobiliza\u00e7\u00f5es nas ag\u00eancias de todo o pa\u00eds pedindo reajustes na remunera\u00e7\u00e3o. As a\u00e7\u00f5es ocorrer\u00e3o um dia antes da 6\u00aa rodada de negocia\u00e7\u00f5es com a Federa\u00e7\u00e3o Nacional dos Bancos (Fenaban), na Campanha Nacional dos Banc\u00e1rios para a renova\u00e7\u00e3o da Conven\u00e7\u00e3o Coletiva de Trabalho (CCT).<\/p>\n<p>A orienta\u00e7\u00e3o \u00e9 que, nos locais de trabalho, as entidades trabalhem os materiais em cima do mote \u201cSe tem lucro, tem que ter valoriza\u00e7\u00e3o\u201d e, quando forem postar as a\u00e7\u00f5es nas redes sociais, utilizem a hashtag #JuntosPorValoriza\u00e7\u00e3o, sempre marcando a Contraf-CUT (@Contraf_CUT).<\/p>\n<p>Al\u00e9m das mobiliza\u00e7\u00f5es de ter\u00e7a-feira, no dia seguinte, quarta-feira (7), das 9h \u00e0s 11h, a categoria \u00e9 chamada a participar de um tuita\u00e7o, repetindo a hashtag #JuntosPorValoriza\u00e7\u00e3o.<\/p>\n<p>Um e-mail foi enviado nesta segunda (5) \u00e0s entidades sindicais, com materiais para o dia nacional de mobiliza\u00e7\u00e3o e para o tuita\u00e7o.<\/p>\n<p><strong>Dados<\/strong><\/p>\n<p>O aumento real de sal\u00e1rio, o aumento da PLR e nos vales alimenta\u00e7\u00e3o e refei\u00e7\u00e3o (VA\/VR) s\u00e3o, respectivamente, as tr\u00eas primeiras prioridades da categoria na Consulta Nacional dos Banc\u00e1rios que, neste ano, foi respondida por quase 47 mil pessoas.<\/p>\n<p>As principais reivindica\u00e7\u00f5es nestes tr\u00eas pontos, inclu\u00eddas na minuta aprovada durante a 26\u00aa Confer\u00eancia Nacional dos Trabalhadores do Ramo Financeiro, s\u00e3o:<\/p>\n<p><em><strong>Recomposi\u00e7\u00e3o salarial<\/strong><\/em><\/p>\n<p>\u2013\u00a0Reajuste que corresponda \u00e0 reposi\u00e7\u00e3o da infla\u00e7\u00e3o, medida pelo INPC acumulado entre setembro de 2023 e agosto de 2024, acrescido do aumento real de 5%.<\/p>\n<p><em><strong>Participa\u00e7\u00e3o nos Lucros e Resultados<\/strong><\/em><\/p>\n<p>\u2013 Pagamento de tr\u00eas sal\u00e1rios-bases, mais as verbas fixas de natureza salarial, reajustadas em setembro de 2024;<br \/>\u2013 Parcela adicional, o valor fixo de R$ 15.400,07, corrigido pelo INPC-IBGE, acumulado no per\u00edodo entre setembro de 2023 e agosto de 2024, acrescido de aumento real de 5%;<br \/>\u2013 Que os bancos n\u00e3o descontem da PLR (seja regra b\u00e1sica, seja parcela adicional) outros valores pagos em planos pr\u00f3prios e de remunera\u00e7\u00e3o vari\u00e1vel;<br \/>\u2013 E que todos os empregados tenham a PLR, independentemente de faixa salarial e incluindo aposentados e afastados por motivos de sa\u00fade ou acidente.<\/p>\n<p><strong><em>V<\/em><em>ales alimenta\u00e7\u00e3o e refei\u00e7\u00e3o<\/em><\/strong><\/p>\n<p>\u2013 No vale alimenta\u00e7\u00e3o (VA) a reivindica\u00e7\u00e3o \u00e9 aumento dos atuais R$ 835,99, pagos mensalmente, para R$ 1.412,00;<br \/>\u2013 No vale refei\u00e7\u00e3o (VR), aumento dos atuais R$ 1.060,84, pagos sob a forma de 22 tickets de R$ 48,22, para R$ 1.412,00, pagos em 23 tickets de R$ 61,39;<br \/>\u2013 Al\u00e9m disso, um adicional de R$ 1.000,00 em vale alimenta\u00e7\u00e3o para compensar a alta infla\u00e7\u00e3o dos alimentos.<\/p>\n<p>\u201cS\u00e3o as banc\u00e1rias e banc\u00e1rios que constroem, com muito trabalho, os resultados dos bancos. E nossa pauta de reivindica\u00e7\u00e3o refor\u00e7a essa demanda, por aumento real nos sal\u00e1rios, na PLR e VA\/VR\u201d, pontua a coordenadora do Comando Nacional dos Banc\u00e1rios e presidenta da Confedera\u00e7\u00e3o Nacional dos Trabalhadores do Ramo Financeiro (Contraf-CUT), Juvandia Moreira.<\/p>\n<p>Ela lembra ainda que, entre 2003 e 2023, os maiores bancos do pa\u00eds tiveram aumento do lucro l\u00edquido real de 169%. No primeiro trimestre deste ano, o lucro desses mesmos bancos teve crescimento de 15,2% e alcan\u00e7ou R$ 29,2 bilh\u00f5es, em rela\u00e7\u00e3o ao mesmo per\u00edodo de 2022.<\/p>\n<p>Entre 2003 e 2023, a rentabilidade m\u00e9dia de todos os bancos do pa\u00eds (capacidade de obterem retorno financeiro a partir de investimentos, em rela\u00e7\u00e3o ao patrim\u00f4nio) tamb\u00e9m foi significativamente superior \u00e0 infla\u00e7\u00e3o, mesmo durante a pandemia, quando a m\u00e9dia ficou 2,5 vezes acima. Em 2023, enquanto a infla\u00e7\u00e3o no ano foi 4,62%, a rentabilidade m\u00e9dia dessas institui\u00e7\u00f5es financeiras foi 15%.<\/p>\n<p><strong>Fonte: Contraf-CUT<\/strong><\/p>\n","protected":false},"excerpt":{"rendered":"<p>Nesta ter\u00e7a-feira (6), a categoria banc\u00e1ria realizar\u00e1 mobiliza\u00e7\u00f5es nas ag\u00eancias de todo o pa\u00eds pedindo reajustes na remunera\u00e7\u00e3o. As a\u00e7\u00f5es ocorrer\u00e3o um dia antes da 6\u00aa rodada de negocia\u00e7\u00f5es com a Federa\u00e7\u00e3o Nacional dos Bancos (Fenaban), na Campanha Nacional dos Banc\u00e1rios para a renova\u00e7\u00e3o da Conven\u00e7\u00e3o Coletiva de Trabalho (CCT). A orienta\u00e7\u00e3o \u00e9 que, nos [&hellip;]<\/p>\n","protected":false},"author":2,"featured_media":15617,"comment_status":"","ping_status":"","sticky":false,"template":"","format":"standard","meta":{"footnotes":""},"categories":[3],"tags":[],"class_list":["post-15618","post","type-post","status-publish","format-standard","has-post-thumbnail","hentry","category-noticias"],"_links":{"self":[{"href":"https:\/\/hostnetart.com.br\/baixada\/wp-json\/wp\/v2\/posts\/15618","targetHints":{"allow":["GET"]}}],"collection":[{"href":"https:\/\/hostnetart.com.br\/baixada\/wp-json\/wp\/v2\/posts"}],"about":[{"href":"https:\/\/hostnetart.com.br\/baixada\/wp-json\/wp\/v2\/types\/post"}],"author":[{"embeddable":true,"href":"https:\/\/hostnetart.com.br\/baixada\/wp-json\/wp\/v2\/users\/2"}],"replies":[{"embeddable":true,"href":"https:\/\/hostnetart.com.br\/baixada\/wp-json\/wp\/v2\/comments?post=15618"}],"version-history":[{"count":0,"href":"https:\/\/hostnetart.com.br\/baixada\/wp-json\/wp\/v2\/posts\/15618\/revisions"}],"wp:featuredmedia":[{"embeddable":true,"href":"https:\/\/hostnetart.com.br\/baixada\/wp-json\/wp\/v2\/media\/15617"}],"wp:attachment":[{"href":"https:\/\/hostnetart.com.br\/baixada\/wp-json\/wp\/v2\/media?parent=15618"}],"wp:term":[{"taxonomy":"category","embeddable":true,"href":"https:\/\/hostnetart.com.br\/baixada\/wp-json\/wp\/v2\/categories?post=15618"},{"taxonomy":"post_tag","embeddable":true,"href":"https:\/\/hostnetart.com.br\/baixada\/wp-json\/wp\/v2\/tags?post=15618"}],"curies":[{"name":"wp","href":"https:\/\/api.w.org\/{rel}","templated":true}]}}