{"id":15616,"date":"2024-08-01T14:23:19","date_gmt":"2024-08-01T17:23:19","guid":{"rendered":"https:\/\/hostnetart.com.br\/baixada\/dia-nacional-de-luta-por-saude-ocorre-em-todo-o-pais-2\/"},"modified":"2024-08-01T14:23:19","modified_gmt":"2024-08-01T17:23:19","slug":"dia-nacional-de-luta-por-saude-ocorre-em-todo-o-pais-2","status":"publish","type":"post","link":"https:\/\/hostnetart.com.br\/baixada\/dia-nacional-de-luta-por-saude-ocorre-em-todo-o-pais-2\/","title":{"rendered":"Dia Nacional de Luta por Sa\u00fade ocorre em todo o pa\u00eds"},"content":{"rendered":"<p>Nesta quinta-feira, 1\u00ba de agosto, banc\u00e1rias e banc\u00e1rios da Baixada Fluminense, e de todo o pa\u00eds, realizaram o Dia Nacional de Luta por Sa\u00fade, com o\u00a0objetivo de pedir por mais sa\u00fade na categoria.<\/p>\n<p>E, tamb\u00e9m, em resposta \u00e0 Comiss\u00e3o de Negocia\u00e7\u00f5es da Federa\u00e7\u00e3o Nacional dos Bancos (CN Fenaban) que, na \u00faltima mesa de negocia\u00e7\u00e3o, no \u00e2mbito da campanha nacional de renova\u00e7\u00e3o da Conven\u00e7\u00e3o Coletiva de Trabalho (CCT), relatou que n\u00e3o existem dados suficientes que comprovem que casos de adoecimento mental est\u00e3o ligados \u00e0 atividade de trabalho.<\/p>\n<p>Al\u00e9m do tema de metas e sa\u00fade, foi explicado sobre as reivindica\u00e7\u00f5es da minuta entregue \u00e0 Fenaban, para a campanha de renova\u00e7\u00e3o da CCT.<\/p>\n<p><b>Afastamentos na categoria<\/b><\/p>\n<p>Na Consulta Nacional dos Banc\u00e1rios que, neste ano, ouviu quase 47 mil trabalhadoras e trabalhadores, de todas as regi\u00f5es do pa\u00eds, quando foi perguntado se utilizavam medicamentos controlados (antidepressivos, ansiol\u00edticos, estimulantes), nos \u00faltimos 12 meses, 39% afirmaram que sim.<\/p>\n<p>Nessa mesma pesquisa, quando questionados sobre quais s\u00e3o os impactos da cobran\u00e7a excessiva pelo cumprimento de metas \u00e0 sa\u00fade, podendo escolher m\u00faltiplas respostas, os resultados foram:<\/p>\n<p>&#8211; 67% &#8211; preocupa\u00e7\u00e3o constante com o trabalho<br \/>&#8211; 60% &#8211; cansa\u00e7o e fadiga constante<br \/>&#8211; 53% &#8211; desmotiva\u00e7\u00e3o, vontade de n\u00e3o ir trabalhar<br \/>&#8211; 47% &#8211; crise de ansiedade\/p\u00e2nico<br \/>&#8211; 39% &#8211; dificuldade de dormir, mesmo aos finais de semana<\/p>\n<p>S\u00f3 em 2023, os cinco maiores bancos do pa\u00eds lucraram R$ 108,6 bilh\u00f5es. Mas, apesar do montante, nesse mesmo ano fecharam mais de 600 ag\u00eancias e demitiram mais de 2 mil funcion\u00e1rios.<\/p>\n","protected":false},"excerpt":{"rendered":"<p>Nesta quinta-feira, 1\u00ba de agosto, banc\u00e1rias e banc\u00e1rios da Baixada Fluminense, e de todo o pa\u00eds, realizaram o Dia Nacional de Luta por Sa\u00fade, com o\u00a0objetivo de pedir por mais sa\u00fade na categoria. E, tamb\u00e9m, em resposta \u00e0 Comiss\u00e3o de Negocia\u00e7\u00f5es da Federa\u00e7\u00e3o Nacional dos Bancos (CN Fenaban) que, na \u00faltima mesa de negocia\u00e7\u00e3o, no [&hellip;]<\/p>\n","protected":false},"author":2,"featured_media":15615,"comment_status":"","ping_status":"","sticky":false,"template":"","format":"standard","meta":{"footnotes":""},"categories":[3],"tags":[],"class_list":["post-15616","post","type-post","status-publish","format-standard","has-post-thumbnail","hentry","category-noticias"],"_links":{"self":[{"href":"https:\/\/hostnetart.com.br\/baixada\/wp-json\/wp\/v2\/posts\/15616","targetHints":{"allow":["GET"]}}],"collection":[{"href":"https:\/\/hostnetart.com.br\/baixada\/wp-json\/wp\/v2\/posts"}],"about":[{"href":"https:\/\/hostnetart.com.br\/baixada\/wp-json\/wp\/v2\/types\/post"}],"author":[{"embeddable":true,"href":"https:\/\/hostnetart.com.br\/baixada\/wp-json\/wp\/v2\/users\/2"}],"replies":[{"embeddable":true,"href":"https:\/\/hostnetart.com.br\/baixada\/wp-json\/wp\/v2\/comments?post=15616"}],"version-history":[{"count":0,"href":"https:\/\/hostnetart.com.br\/baixada\/wp-json\/wp\/v2\/posts\/15616\/revisions"}],"wp:featuredmedia":[{"embeddable":true,"href":"https:\/\/hostnetart.com.br\/baixada\/wp-json\/wp\/v2\/media\/15615"}],"wp:attachment":[{"href":"https:\/\/hostnetart.com.br\/baixada\/wp-json\/wp\/v2\/media?parent=15616"}],"wp:term":[{"taxonomy":"category","embeddable":true,"href":"https:\/\/hostnetart.com.br\/baixada\/wp-json\/wp\/v2\/categories?post=15616"},{"taxonomy":"post_tag","embeddable":true,"href":"https:\/\/hostnetart.com.br\/baixada\/wp-json\/wp\/v2\/tags?post=15616"}],"curies":[{"name":"wp","href":"https:\/\/api.w.org\/{rel}","templated":true}]}}