{"id":15612,"date":"2024-08-01T09:57:40","date_gmt":"2024-08-01T12:57:40","guid":{"rendered":"https:\/\/hostnetart.com.br\/baixada\/comeca-o-mes-do-bancario-celebracao-e-reflexao-sobre-lutas-e-conquistas\/"},"modified":"2024-08-01T09:57:40","modified_gmt":"2024-08-01T12:57:40","slug":"comeca-o-mes-do-bancario-celebracao-e-reflexao-sobre-lutas-e-conquistas","status":"publish","type":"post","link":"https:\/\/hostnetart.com.br\/baixada\/comeca-o-mes-do-bancario-celebracao-e-reflexao-sobre-lutas-e-conquistas\/","title":{"rendered":"Come\u00e7a o M\u00eas do Banc\u00e1rio: Celebra\u00e7\u00e3o e reflex\u00e3o sobre lutas e conquistas"},"content":{"rendered":"<p>\u00a0<\/p>\n<p>Nesta quinta-feira, 1\u00ba de agosto, inicia-se o M\u00eas do Banc\u00e1rio, um per\u00edodo especial que culmina no Dia do Banc\u00e1rio, celebrado em 28 de agosto. Esta data \u00e9 marcada pela celebra\u00e7\u00e3o de lutas e conquistas hist\u00f3ricas, destacando a import\u00e2ncia vital da profiss\u00e3o para a popula\u00e7\u00e3o e reconhecendo o valor inestim\u00e1vel de cada banc\u00e1rio para a sociedade. Para comemorar, a Contraf-CUT realizar\u00e1 diversas a\u00e7\u00f5es e publica\u00e7\u00f5es em seu site e nas redes sociais. Nos acompanhe e comemore conosco.<\/p>\n<p>Al\u00e9m das celebra\u00e7\u00f5es, agosto \u00e9 um m\u00eas chave para a manuten\u00e7\u00e3o dos direitos e para a obten\u00e7\u00e3o de novas conquistas, uma vez que a data-base da categoria \u00e9 1\u00ba de setembro e as negocia\u00e7\u00f5es est\u00e3o em andamento. Este per\u00edodo \u00e9 crucial para garantir avan\u00e7os significativos nas condi\u00e7\u00f5es de trabalho e remunera\u00e7\u00e3o dos banc\u00e1rios.<\/p>\n<p>Os banc\u00e1rios desempenham um papel fundamental para a classe trabalhadora. A categoria \u00e9 refer\u00eancia mundial em organiza\u00e7\u00e3o e combatividade. Como resultado dessa for\u00e7a coletiva, os banc\u00e1rios brasileiros desfrutam de uma conven\u00e7\u00e3o coletiva de trabalho com validade em todo o territ\u00f3rio nacional, considerada modelo em todo o mundo. Esta conquista \u00e9 fruto de d\u00e9cadas de luta sindical.<\/p>\n<h1>Hist\u00f3ria de lutas e conquistas<\/h1>\n<p>A data de 28 de agosto foi escolhida em homenagem \u00e0 greve de 1951, quando os banc\u00e1rios paralisaram suas atividades por 69 dias. Naquela \u00e9poca, a Lei de Greve, apesar do nome, n\u00e3o garantiu o direito de greve e imp\u00f4s severas restri\u00e7\u00f5es e mecanismos de controle pelo governo. No entanto, os banc\u00e1rios heroicamente conquistaram um reajuste salarial de 30%, superior aos 20% oferecidos pelos bancos.<\/p>\n<p>Essa mobiliza\u00e7\u00e3o hist\u00f3rica n\u00e3o s\u00f3 garantiu melhorias salariais, como tamb\u00e9m fomentou a cria\u00e7\u00e3o de sindicatos de banc\u00e1rios em v\u00e1rias regi\u00f5es do pa\u00eds. Outro legado significativo foi a contesta\u00e7\u00e3o dos dados oficiais de infla\u00e7\u00e3o do governo da \u00e9poca, o que levou \u00e0 cria\u00e7\u00e3o do Departamento Intersindical de Estat\u00edstica e Estudos Socioecon\u00f4micos (Dieese). O Dieese nasceu com a miss\u00e3o de fornecer aos trabalhadores dados estat\u00edsticos confi\u00e1veis e independentes dos \u00f3rg\u00e3os governamentais, fortalecendo a luta por direitos justos.<\/p>\n<p>O dia 28 de agosto tamb\u00e9m marca a funda\u00e7\u00e3o da Central \u00danica dos Trabalhadores (CUT) durante o 1\u00ba Congresso Nacional da Classe Trabalhadora (Conclat), em 1983, ainda sob o regime militar. Esta data \u00e9, portanto, especial n\u00e3o apenas para os banc\u00e1rios, mas para toda a classe trabalhadora brasileira.<\/p>\n<h1>Parab\u00e9ns, Banc\u00e1rios!<\/h1>\n<p>Neste m\u00eas do banc\u00e1rio, celebramos a hist\u00f3ria de luta, perseveran\u00e7a e conquistas que moldaram a categoria. \u00c9 um momento para refor\u00e7ar a import\u00e2ncia do trabalho dos banc\u00e1rios para a sociedade e para reconhecer seu valor inestim\u00e1vel. Parab\u00e9ns a todos os banc\u00e1rios e trabalhadores que, com dedica\u00e7\u00e3o e coragem, continuam a lutar por um futuro mais justo e digno para todos!<\/p>\n<p><strong>Fonte: Contraf-CUT<\/strong><\/p>\n","protected":false},"excerpt":{"rendered":"<p>\u00a0 Nesta quinta-feira, 1\u00ba de agosto, inicia-se o M\u00eas do Banc\u00e1rio, um per\u00edodo especial que culmina no Dia do Banc\u00e1rio, celebrado em 28 de agosto. Esta data \u00e9 marcada pela celebra\u00e7\u00e3o de lutas e conquistas hist\u00f3ricas, destacando a import\u00e2ncia vital da profiss\u00e3o para a popula\u00e7\u00e3o e reconhecendo o valor inestim\u00e1vel de cada banc\u00e1rio para a [&hellip;]<\/p>\n","protected":false},"author":2,"featured_media":15611,"comment_status":"","ping_status":"","sticky":false,"template":"","format":"standard","meta":{"footnotes":""},"categories":[3],"tags":[],"class_list":["post-15612","post","type-post","status-publish","format-standard","has-post-thumbnail","hentry","category-noticias"],"_links":{"self":[{"href":"https:\/\/hostnetart.com.br\/baixada\/wp-json\/wp\/v2\/posts\/15612","targetHints":{"allow":["GET"]}}],"collection":[{"href":"https:\/\/hostnetart.com.br\/baixada\/wp-json\/wp\/v2\/posts"}],"about":[{"href":"https:\/\/hostnetart.com.br\/baixada\/wp-json\/wp\/v2\/types\/post"}],"author":[{"embeddable":true,"href":"https:\/\/hostnetart.com.br\/baixada\/wp-json\/wp\/v2\/users\/2"}],"replies":[{"embeddable":true,"href":"https:\/\/hostnetart.com.br\/baixada\/wp-json\/wp\/v2\/comments?post=15612"}],"version-history":[{"count":0,"href":"https:\/\/hostnetart.com.br\/baixada\/wp-json\/wp\/v2\/posts\/15612\/revisions"}],"wp:featuredmedia":[{"embeddable":true,"href":"https:\/\/hostnetart.com.br\/baixada\/wp-json\/wp\/v2\/media\/15611"}],"wp:attachment":[{"href":"https:\/\/hostnetart.com.br\/baixada\/wp-json\/wp\/v2\/media?parent=15612"}],"wp:term":[{"taxonomy":"category","embeddable":true,"href":"https:\/\/hostnetart.com.br\/baixada\/wp-json\/wp\/v2\/categories?post=15612"},{"taxonomy":"post_tag","embeddable":true,"href":"https:\/\/hostnetart.com.br\/baixada\/wp-json\/wp\/v2\/tags?post=15612"}],"curies":[{"name":"wp","href":"https:\/\/api.w.org\/{rel}","templated":true}]}}