{"id":15610,"date":"2024-08-01T09:56:11","date_gmt":"2024-08-01T12:56:11","guid":{"rendered":"https:\/\/hostnetart.com.br\/baixada\/empregados-cobram-participacao-nas-decisoes-sobre-o-saude-caixa\/"},"modified":"2024-08-01T09:56:11","modified_gmt":"2024-08-01T12:56:11","slug":"empregados-cobram-participacao-nas-decisoes-sobre-o-saude-caixa","status":"publish","type":"post","link":"https:\/\/hostnetart.com.br\/baixada\/empregados-cobram-participacao-nas-decisoes-sobre-o-saude-caixa\/","title":{"rendered":"Empregados cobram participa\u00e7\u00e3o nas decis\u00f5es sobre o Sa\u00fade Caixa"},"content":{"rendered":"<\/p>\n<p>O Grupo de Trabalho sobre o Sa\u00fade Caixa, composto por representantes do banco e dos trabalhadores, se reuniu nesta quarta-feira (31) para analisar n\u00fameros do plano e debater sobre solu\u00e7\u00f5es para a melhoria da rede de atendimento aos usu\u00e1rios.<\/p>\n<p>\u201cEsperamos que, com o retorno de estruturas regionais de gest\u00e3o de pessoas, seja poss\u00edvel fazer os acertos necess\u00e1rios no plano, para melhorar a rede de atendimento e, desta forma, o Sa\u00fade Caixa preste um servi\u00e7o com mais qualidade aos usu\u00e1rios\u201d, disse o diretor da Contraf-CUT e coordenador da Comiss\u00e3o Executiva dos Empregados (CEE) da Caixa, Rafael de Castro. \u201cTamb\u00e9m queremos que, administrativamente, haja transpar\u00eancia nas informa\u00e7\u00f5es, com o fornecimento de dados e de custos, de forma que possamos analis\u00e1-los para buscar a redu\u00e7\u00e3o das despesas e o consequente barateamento das mensalidades pagas pelos usu\u00e1rios\u201d, completou Rafael.<\/p>\n<p>Segundo os respons\u00e1veis do banco pelo Sa\u00fade Caixa, est\u00e1 em andamento um processo de fortalecimento da rede credenciada, com atua\u00e7\u00e3o direcionada para regi\u00f5es com baixa disponibilidade de prestadores ou dificuldade de forma\u00e7\u00e3o de rede.<\/p>\n<p>\u201cMas, de acordo com os dados apresentados, o maior n\u00famero de credenciamentos ocorreu nas regi\u00f5es onde j\u00e1 h\u00e1 uma maior quantidade de prestadores. Nas regi\u00f5es Centro-Oeste e Norte, foram realizados 18 e 23 credenciamentos, respectivamente. Na regi\u00e3o Sudeste, 148\u201d, observou a representante da Fetec-CUT\/SP, Vivian S\u00e1. \u201cN\u00e3o estou dizendo que n\u00e3o h\u00e1 necessidade de credenciamentos direcionados onde h\u00e1 maior escassez, no entanto n\u00e3o est\u00e1 bom tamb\u00e9m onde a Caixa parece avaliar que h\u00e1 \u2018rede saturada\u2019. Ao contr\u00e1rio, aqui na regi\u00e3o os usu\u00e1rios t\u00eam trazido informa\u00e7\u00e3o de que cada vez mais profissionais e clinicas sa\u00edram do plano. \u00c9 preciso haver credenciamento aberto de forma constante, n\u00e3o \u00e9 razo\u00e1vel essa estrat\u00e9gia por edital que a Caixa defende\u201d, completou a representante da Fetec-CUT\/SP, ao observar que apesar de ter havido 828 novos credenciamentos, houve 659 descredenciamentos, o que significa que s\u00e3o apenas 169 profissionais a mais na rede. \u201c\u00c9 muito pouco para suprir a falta de m\u00e9dicos credenciados na rede de forma geral\u201d, continuou.<\/p>\n<p>Um exemplo citado pelos trabalhadores foi o da cidade de Paraty, no estado do Rio de Janeiro, onde n\u00e3o h\u00e1 nenhum m\u00e9dico da rede credenciada para prestar o atendimento. \u201cOs empregados precisam se deslocar por cerca de 90 quil\u00f4metros, at\u00e9 Angra dos Reis, ou Ubatuba, no estado de S\u00e3o Paulo, para serem atendidos na rede credenciada. Ou ent\u00e3o passar por um profissional n\u00e3o credenciado e solicitar o reembolso do valor\u201d, disse o representante da Federa-RJ, Serginho Amorim. \u201cIsso encarece o servi\u00e7o e faz com que o empregado perca um dia de trabalho para passar em uma consulta. \u00c9 preju\u00edzo para o banco e duplamente para os empregados, que ficam com a equipe desfalcada e mais sobrecarregados e ainda t\u00eam que arcar com os custos de deslocamento de uma cidade para outra, ou com os custos maiores de um atendimento particular\u201d, completou o representante da Federa-RJ. \u201cSe existe este problema aqui na regi\u00e3o Sudeste, imagina nas demais regi\u00f5es!\u201d, observou Serginho.<\/p>\n<p>Os representantes do banco disseram que h\u00e1 maior dificuldade para credenciamento em certas regi\u00f5es devido \u00e0 concentra\u00e7\u00e3o de m\u00e9dicos na regi\u00e3o Sudeste e, no m\u00e1ximo, em algumas capitais de estados de outras regi\u00f5es.<\/p>\n<h2><strong>Comit\u00eas de credenciamento e descredenciamento<\/strong><\/h2>\n<p>O banco confirmou que vai atender a reivindica\u00e7\u00e3o do movimento sindical para que os comit\u00eas regionais de credenciamento e descredenciamento voltem a operar. \u201cSe as Gipes e as Repes (ger\u00eancias e representa\u00e7\u00f5es regionais) tiverem estrutura f\u00edsica e de pessoal adequada, pode ser a solu\u00e7\u00e3o mais apropriada para a melhoria da rede. As pessoas respons\u00e1veis pelo credenciamento e descredenciamento ser\u00e3o da pr\u00f3pria regi\u00e3o e atender\u00e3o as demandas regionais. Isso lhes dar\u00e1 mais condi\u00e7\u00f5es de saber, de fato, quais especialidades precisam ser credenciadas para a melhoria do atendimento local\u201d, explicou Serginho Amorim.<\/p>\n<p>\u201cEsper\u00e1vamos que estas estruturas e a defini\u00e7\u00e3o do formato nos fossem apresentadas hoje, e \u00e9 muito ruim que ainda n\u00e3o se tenha a oficializa\u00e7\u00e3o do comit\u00ea. Aguardamos isso para os pr\u00f3ximos dias\u201d, completou Vivian.<\/p>\n<h2><strong>Outros pontos<\/strong><\/h2>\n<p>Os trabalhadores questionaram a inclus\u00e3o dos custos do PAMS, o antigo plano de sa\u00fade dos empregados, nos d\u00e9ficits do Sa\u00fade Caixa e voltaram a pedir a abertura dos dados de custeio dos afastamentos para tratamento de doen\u00e7as ocupacionais ou acidentes de trabalho (B91), para impedir que os mesmos sejam custeados pelo Sa\u00fade Caixa e n\u00e3o pelo banco, como devem ser.<\/p>\n<p>Os representantes do banco que administram o Sa\u00fade Caixa tamb\u00e9m informaram que ser\u00e1 iniciado um processo de integra\u00e7\u00e3o das informa\u00e7\u00f5es de sa\u00fade das empregadas e empregados, de forma que o Sa\u00fade Caixa possa realizar a medicina preventiva. As medidas fazem parte do processo de melhoria do Programa de Controle M\u00e9dico da Sa\u00fade Ocupacional (PCMSO), uma reivindica\u00e7\u00e3o antiga da representa\u00e7\u00e3o sindical dos trabalhadores.<\/p>\n<h2><strong>Teto de custeio com sa\u00fade<\/strong><\/h2>\n<p>A representa\u00e7\u00e3o dos trabalhadores reafirmou para os representantes do banco a necessidade de se acabar com o teto de gastos da Caixa com a sa\u00fade das suas empregadas e empregados, definido no estatuto do banco em 6,5% da folha de pagamentos. O teto de custeio impede que o banco cubra os 70% dos custos do Sa\u00fade Caixa, como definido no Acordo Coletivo de Trabalho (ACT). Hoje, segundo n\u00fameros apresentados na reuni\u00e3o, a Caixa paga apenas 52% dos custos do Sa\u00fade Caixa e os usu\u00e1rios do plano pagam 48%.<\/p>\n<p><strong>Fonte: Contraf-CUT<\/strong><\/p>\n","protected":false},"excerpt":{"rendered":"<p>O Grupo de Trabalho sobre o Sa\u00fade Caixa, composto por representantes do banco e dos trabalhadores, se reuniu nesta quarta-feira (31) para analisar n\u00fameros do plano e debater sobre solu\u00e7\u00f5es para a melhoria da rede de atendimento aos usu\u00e1rios. \u201cEsperamos que, com o retorno de estruturas regionais de gest\u00e3o de pessoas, seja poss\u00edvel fazer os [&hellip;]<\/p>\n","protected":false},"author":2,"featured_media":15609,"comment_status":"","ping_status":"","sticky":false,"template":"","format":"standard","meta":{"footnotes":""},"categories":[3],"tags":[],"class_list":["post-15610","post","type-post","status-publish","format-standard","has-post-thumbnail","hentry","category-noticias"],"_links":{"self":[{"href":"https:\/\/hostnetart.com.br\/baixada\/wp-json\/wp\/v2\/posts\/15610","targetHints":{"allow":["GET"]}}],"collection":[{"href":"https:\/\/hostnetart.com.br\/baixada\/wp-json\/wp\/v2\/posts"}],"about":[{"href":"https:\/\/hostnetart.com.br\/baixada\/wp-json\/wp\/v2\/types\/post"}],"author":[{"embeddable":true,"href":"https:\/\/hostnetart.com.br\/baixada\/wp-json\/wp\/v2\/users\/2"}],"replies":[{"embeddable":true,"href":"https:\/\/hostnetart.com.br\/baixada\/wp-json\/wp\/v2\/comments?post=15610"}],"version-history":[{"count":0,"href":"https:\/\/hostnetart.com.br\/baixada\/wp-json\/wp\/v2\/posts\/15610\/revisions"}],"wp:featuredmedia":[{"embeddable":true,"href":"https:\/\/hostnetart.com.br\/baixada\/wp-json\/wp\/v2\/media\/15609"}],"wp:attachment":[{"href":"https:\/\/hostnetart.com.br\/baixada\/wp-json\/wp\/v2\/media?parent=15610"}],"wp:term":[{"taxonomy":"category","embeddable":true,"href":"https:\/\/hostnetart.com.br\/baixada\/wp-json\/wp\/v2\/categories?post=15610"},{"taxonomy":"post_tag","embeddable":true,"href":"https:\/\/hostnetart.com.br\/baixada\/wp-json\/wp\/v2\/tags?post=15610"}],"curies":[{"name":"wp","href":"https:\/\/api.w.org\/{rel}","templated":true}]}}