{"id":15608,"date":"2024-08-01T09:54:59","date_gmt":"2024-08-01T12:54:59","guid":{"rendered":"https:\/\/hostnetart.com.br\/baixada\/bancarios-realizam-dia-nacional-de-luta-por-saude-nesta-quinta-1\/"},"modified":"2024-08-01T09:54:59","modified_gmt":"2024-08-01T12:54:59","slug":"bancarios-realizam-dia-nacional-de-luta-por-saude-nesta-quinta-1","status":"publish","type":"post","link":"https:\/\/hostnetart.com.br\/baixada\/bancarios-realizam-dia-nacional-de-luta-por-saude-nesta-quinta-1\/","title":{"rendered":"Banc\u00e1rios realizam dia nacional de luta por sa\u00fade nesta quinta (1\u00ba)"},"content":{"rendered":"<\/p>\n<p>Trabalhadores e trabalhadoras, com o apoio do movimento sindical, est\u00e3o organizando manifesta\u00e7\u00f5es nas redes sociais e em ag\u00eancias de todo o pa\u00eds por mais sa\u00fade na categoria, para esta quinta-feira (1\u00ba).<\/p>\n<p>As a\u00e7\u00f5es ocorrer\u00e3o em resposta \u00e0 Comiss\u00e3o de Negocia\u00e7\u00f5es da Federa\u00e7\u00e3o Nacional dos Bancos (CN Fenaban) que, na \u00faltima mesa de negocia\u00e7\u00e3o, no \u00e2mbito da campanha nacional de renova\u00e7\u00e3o da Conven\u00e7\u00e3o Coletiva de Trabalho (CCT), relatou que n\u00e3o existem dados suficientes que comprovem que casos de adoecimento mental est\u00e3o ligados \u00e0 atividade de trabalho.<\/p>\n<p>\u201cAinda na mesa, rebatemos as afirma\u00e7\u00f5es com <a href=\"https:\/\/www.paho.org\/pt\/noticias\/28-9-2022-oms-e-oit-fazem-chamado-para-novas-medidas-enfrentamento-das-questoes-saude\">dados da pr\u00f3pria Organiza\u00e7\u00e3o Mundial de Sa\u00fade (OMS)<\/a>, entidade que afirma que as condi\u00e7\u00f5es de trabalho podem afetar negativamente a sa\u00fade mental a exemplo do ass\u00e9dio moral que, infelizmente, \u00e9 uma pr\u00e1tica que todos n\u00f3s reconhecemos que ocorre nos bancos, por isso que, em 2022, inclusive, estabelecemos uma cl\u00e1usula na CCT de combate a esta pr\u00e1tica\u201d, pontuou a coordenadora do Comando Nacional dos Banc\u00e1rios, Juvandia Moreira, que tamb\u00e9m \u00e9 presidenta da Confedera\u00e7\u00e3o Nacional dos Trabalhadores do Ramo Financeiro (Contraf-CUT).<\/p>\n<p><strong>Orienta\u00e7\u00f5es<\/strong><\/p>\n<p>N\u00e3o haver\u00e1 tuita\u00e7o, mas a orienta\u00e7\u00e3o para esta quinta-feira (1\u00ba) \u00e9 que, nas redes e nos grupos do WhatsApp, os banc\u00e1rios e banc\u00e1rias compartilhem os materiais de apoio que ser\u00e3o compartilhados por meio das entidades sindicais, com dados sobre o adoecimento na categoria.<\/p>\n<p>A proposta \u00e9 utilizar sempre a <em><strong>hashtag #MenosMetasMaisSa\u00fade<\/strong><\/em> e o mote <em><strong>\u201cN\u00e3o adianta negar, sa\u00fade em 1\u00ba lugar\u201d<\/strong><\/em>, nas publica\u00e7\u00f5es.<\/p>\n<p>Nas ag\u00eancias, realiza\u00e7\u00e3o de rodas de escuta, sobre o tema de metas e sa\u00fade, e explicar sobre as reivindica\u00e7\u00f5es da minuta entregue \u00e0 Fenaban, para a campanha de renova\u00e7\u00e3o da CCT.<\/p>\n<p><strong>Afastamento na categoria \u00e9 tr\u00eas vezes maior que m\u00e9dia geral<\/strong><\/p>\n<p>O secret\u00e1rio de Sa\u00fade da Contraf-CUT, Mauro Salles, ressaltou que a manifesta\u00e7\u00e3o negacionista dos representantes da Fenaban na mesa \u00e9 preocupante, considerando o resultado da Consulta Nacional dos Banc\u00e1rios que, neste ano, ouviu quase 47 mil trabalhadoras e trabalhadores, de todas as regi\u00f5es do pa\u00eds.<\/p>\n<p>\u201cQuando foi perguntado se utilizavam medicamentos controlados (antidepressivos, ansiol\u00edticos, estimulantes), nos \u00faltimos 12 meses, 39% afirmaram que sim. Esse dado revela o alto \u00edndice de adoecimento mental na categoria\u201d, pontuou Salles.<\/p>\n<p>Nessa mesma pesquisa, quando questionados sobre quais s\u00e3o os impactos da cobran\u00e7a excessiva pelo cumprimento de metas \u00e0 sa\u00fade, podendo escolher m\u00faltiplas respostas, os resultados foram:<\/p>\n<p>\u2013 67% \u2013 preocupa\u00e7\u00e3o constante com o trabalho<br \/>\u2013 60% \u2013 cansa\u00e7o e fadiga constante<br \/>\u2013 53% \u2013 desmotiva\u00e7\u00e3o, vontade de n\u00e3o ir trabalhar<br \/>\u2013 47% \u2013 crise de ansiedade\/p\u00e2nico<br \/>\u2013 39% \u2013 dificuldade de dormir, mesmo aos finais de semana<\/p>\n<p>Mauro Salles destacou ainda que os trabalhadores abordaram na mesa, com a Fenaban, levantamento do Dieese, com base em dados do INSS e da RAIS, e que mostra que o afastamento banc\u00e1rio relacionado \u00e0 sa\u00fade mental, em 2022, foi tr\u00eas vezes maior que a m\u00e9dia de afastamentos, considerando todas as categoriais.<\/p>\n<p>\u201cDiante dessas informa\u00e7\u00f5es, que n\u00e3o s\u00e3o de hoje, mas semelhantes \u00e0s registradas em anos anteriores, nossas reivindica\u00e7\u00f5es s\u00e3o a rediscuss\u00e3o da pol\u00edtica de metas nos bancos, para que os prazos sejam razo\u00e1veis e respeitados. Tamb\u00e9m refor\u00e7amos o combate ao ass\u00e9dio moral e o direito \u00e0 desconex\u00e3o, fora do hor\u00e1rio de trabalho. Por fim, reivindicamos que as banc\u00e1rias e banc\u00e1rios adoecidos tenham tratamento humanizado e condi\u00e7\u00f5es para se recuperarem e manterem seus empregos\u201d, completou Juvandia Moreira.<\/p>\n<p>A tamb\u00e9m coordenadora do Comando Nacional dos Banc\u00e1rios, Neiva Ribeiro, ressaltou que o movimento sindical levou \u00e0 mesa provas suficientes de que \u201co adoecimento mental dos banc\u00e1rios \u00e9 maior que em outras categorias\u201d e que por isso, os trabalhadores querem avan\u00e7ar no combate ao ass\u00e9dio moral. Ela lembrou ainda que a press\u00e3o para bater metas \u201ctamb\u00e9m \u00e9 intensificada pela vigil\u00e2ncia de resultados e pela insufici\u00eancia de pessoas para realizarem suas tarefas, gerando um ritmo de trabalho excessivo\u201d.<\/p>\n<p>S\u00f3 em 2023, os cinco maiores bancos do pa\u00eds lucraram R$ 108,6 bilh\u00f5es. Mas, apesar do montante, nesse mesmo ano fecharam mais de 600 ag\u00eancias e demitiram mais de 2 mil funcion\u00e1rios.<\/p>\n<p><strong>Fonte: Contraf-CUT<\/strong><\/p>\n","protected":false},"excerpt":{"rendered":"<p>Trabalhadores e trabalhadoras, com o apoio do movimento sindical, est\u00e3o organizando manifesta\u00e7\u00f5es nas redes sociais e em ag\u00eancias de todo o pa\u00eds por mais sa\u00fade na categoria, para esta quinta-feira (1\u00ba). As a\u00e7\u00f5es ocorrer\u00e3o em resposta \u00e0 Comiss\u00e3o de Negocia\u00e7\u00f5es da Federa\u00e7\u00e3o Nacional dos Bancos (CN Fenaban) que, na \u00faltima mesa de negocia\u00e7\u00e3o, no \u00e2mbito [&hellip;]<\/p>\n","protected":false},"author":2,"featured_media":15607,"comment_status":"","ping_status":"","sticky":false,"template":"","format":"standard","meta":{"footnotes":""},"categories":[3],"tags":[],"class_list":["post-15608","post","type-post","status-publish","format-standard","has-post-thumbnail","hentry","category-noticias"],"_links":{"self":[{"href":"https:\/\/hostnetart.com.br\/baixada\/wp-json\/wp\/v2\/posts\/15608","targetHints":{"allow":["GET"]}}],"collection":[{"href":"https:\/\/hostnetart.com.br\/baixada\/wp-json\/wp\/v2\/posts"}],"about":[{"href":"https:\/\/hostnetart.com.br\/baixada\/wp-json\/wp\/v2\/types\/post"}],"author":[{"embeddable":true,"href":"https:\/\/hostnetart.com.br\/baixada\/wp-json\/wp\/v2\/users\/2"}],"replies":[{"embeddable":true,"href":"https:\/\/hostnetart.com.br\/baixada\/wp-json\/wp\/v2\/comments?post=15608"}],"version-history":[{"count":0,"href":"https:\/\/hostnetart.com.br\/baixada\/wp-json\/wp\/v2\/posts\/15608\/revisions"}],"wp:featuredmedia":[{"embeddable":true,"href":"https:\/\/hostnetart.com.br\/baixada\/wp-json\/wp\/v2\/media\/15607"}],"wp:attachment":[{"href":"https:\/\/hostnetart.com.br\/baixada\/wp-json\/wp\/v2\/media?parent=15608"}],"wp:term":[{"taxonomy":"category","embeddable":true,"href":"https:\/\/hostnetart.com.br\/baixada\/wp-json\/wp\/v2\/categories?post=15608"},{"taxonomy":"post_tag","embeddable":true,"href":"https:\/\/hostnetart.com.br\/baixada\/wp-json\/wp\/v2\/tags?post=15608"}],"curies":[{"name":"wp","href":"https:\/\/api.w.org\/{rel}","templated":true}]}}