{"id":15606,"date":"2024-08-01T09:53:17","date_gmt":"2024-08-01T12:53:17","guid":{"rendered":"https:\/\/hostnetart.com.br\/baixada\/com-prejuizos-para-economia-do-pais-banco-central-decide-manter-juros-elevados\/"},"modified":"2024-08-01T09:53:17","modified_gmt":"2024-08-01T12:53:17","slug":"com-prejuizos-para-economia-do-pais-banco-central-decide-manter-juros-elevados","status":"publish","type":"post","link":"https:\/\/hostnetart.com.br\/baixada\/com-prejuizos-para-economia-do-pais-banco-central-decide-manter-juros-elevados\/","title":{"rendered":"Com preju\u00edzos para economia do pa\u00eds, Banco Central decide manter juros elevados"},"content":{"rendered":"<\/p>\n<p>O Comit\u00ea de Pol\u00edtica Monet\u00e1ria (Copom), do Banco Central (BC), <a href=\"https:\/\/www.bcb.gov.br\/detalhenoticia\/20242\/nota\">confirmou as expectativas do mercado <\/a>e manteve a taxa b\u00e1sica de juros da economia brasileira (Selic) em 10,5% ao ano, em an\u00fancio feito nesta quarta-feira (31), ap\u00f3s o encontro do colegiado, realizado a cada 45 dias para definir o \u00edndice. No comunicado sobre a decis\u00e3o, a entidade justificou a manuten\u00e7\u00e3o da Selic por conta da piora das expectativas da infla\u00e7\u00e3o e valoriza\u00e7\u00e3o do d\u00f3lar frente ao real.<\/p>\n<p>\u201cMais uma vez denunciamos que a entidade est\u00e1 boicotando a economia do pa\u00eds. Primeiro, porque a infla\u00e7\u00e3o segue dentro da meta e, segundo, porque a Selic n\u00e3o \u00e9 o \u00fanico instrumento para atuar no c\u00e2mbio. O que de fato estamos colhendo com a Selic elevada s\u00e3o preju\u00edzos \u00e0 economia do pa\u00eds, porque reflete no aumento dos juros cobrados pelo sistema financeiro. Aumenta os custos para as fam\u00edlias, para as empresas e para o estado brasileiro\u201d, alerta a presidenta da Confedera\u00e7\u00e3o Nacional dos Trabalhadores e Trabalhadoras do Ramo Financeiro (Contraf-CUT) e vice-presidenta da Central \u00danica dos Trabalhadores (CUT), Juvandia Moreira.<\/p>\n<p>Sobre o argumento da infla\u00e7\u00e3o, <a href=\"https:\/\/contrafcut.com.br\/noticias\/bc-de-campos-neto-boicota-a-economia-com-selic-em-10-5-alertam-movimentos-sociais\/\">os movimentos sociais que vem realizando uma s\u00e9rie de protestos<\/a> contra a pol\u00edtica monet\u00e1ria contracionista do Banco Central, ou seja, que promove a desacelera\u00e7\u00e3o da economia, destacam que o IPCA, principal medidor de infla\u00e7\u00e3o do pa\u00eds, divulgado pelo IBGE, segue controlado.<\/p>\n<p>A meta de infla\u00e7\u00e3o estimulada para o pa\u00eds neste ano \u00e9 3%, com intervalo de 1,5% para mais ou para menos, portanto, o \u00edndice segue abaixo do teto de 4,5%, segundo o \u00faltimo comunicado do IBGE, divulgado em julho e que mostra que o IPCA acumulava alta de 4,23%, nos \u00faltimos 12 meses.<\/p>\n<p>J\u00e1, em rela\u00e7\u00e3o ao d\u00f3lar, lembram que o BC tem outros instrumentos para intervir no c\u00e2mbio, como as opera\u00e7\u00f5es de venda de moeda no mercado futuro (contratos de swap cambial), vendas diretas de d\u00f3lar e os chamados leil\u00f5es de linha.<\/p>\n<p>O economista do Departamento Intersindical de Estat\u00edstica e Estudos Socioecon\u00f4micos (Dieese), Gustavo Cavarzan, explica como a Selic impacta no c\u00e2mbio. \u201cA Selic elevada atrai investidores estrangeiros, porque quanto maior a diferen\u00e7a entre a taxa b\u00e1sica de juros brasileira em rela\u00e7\u00e3o \u00e0s economias mais fortes, como a dos Estados Unidos, mais atrativo se torna o Brasil. Com a entrada de mais d\u00f3lares no pa\u00eds, a taxa de c\u00e2mbio entre o Real e a moeda norte-americana pode cair, entretanto esse movimento, via Selic, \u00e9 um movimento de especula\u00e7\u00e3o e que n\u00e3o colabora para desenvolvimento da economia real, que \u00e9 aquela que impacta na gera\u00e7\u00e3o de emprego, porque produz riqueza e renda\u201d, pontuou.<\/p>\n<p><strong>Impactos nas contas p\u00fablicas<\/strong><\/p>\n<p>Por ser o principal \u00edndice de negocia\u00e7\u00e3o dos t\u00edtulos p\u00fablicos emitidos pelo Tesouro Nacional, a manuten\u00e7\u00e3o da Selic elevada aumenta os gastos do governo federal. S\u00f3 em 2023, a Uni\u00e3o pagou mais de R$ 732 bilh\u00f5es com juros dos t\u00edtulos p\u00fablicos.<\/p>\n<p>Levantamento do Dieese mostra que esse valor equivale a 4,3 vezes os investimentos com o Bolsa Fam\u00edlia, 8 vezes do montante direcionado para o novo Programa de Acelera\u00e7\u00e3o do Crescimento (PEC), voltado \u00e0 recomposi\u00e7\u00e3o e expans\u00e3o da infraestrutura do pa\u00eds, al\u00e9m de 3,3 vezes o or\u00e7amento para a Sa\u00fade e 5 vezes o or\u00e7amento para a Educa\u00e7\u00e3o. Veja o quadro:<\/p>\n<p><img decoding=\"async\" contenteditable=\"false\" src=\"https:\/\/contrafcut.com.br\/data\/files\/AA\/C6\/DF\/DC\/59A0191095CB5C09820808A8\/WhatsApp%20Image%202024-07-31%20at%2015.48.26.jpeg\" srcset=\"https:\/\/contrafcut.com.br\/data\/files\/AA\/C6\/DF\/DC\/59A0191095CB5C09820808A8\/img_WhatsApp%20Image%202024-07-31%20at%2015.48.26_gd.webp 640w, https:\/\/contrafcut.com.br\/data\/files\/AA\/C6\/DF\/DC\/59A0191095CB5C09820808A8\/img_WhatsApp%20Image%202024-07-31%20at%2015.48.26_md.webp 480w, https:\/\/contrafcut.com.br\/data\/files\/AA\/C6\/DF\/DC\/59A0191095CB5C09820808A8\/img_WhatsApp%20Image%202024-07-31%20at%2015.48.26_pq.webp 320w, https:\/\/contrafcut.com.br\/data\/files\/AA\/C6\/DF\/DC\/59A0191095CB5C09820808A8\/WhatsApp%20Image%202024-07-31%20at%2015.48.26.jpeg\" alt=\"Texto descritivo da imagem aqui\" data-cfsrc=\"..\/..\/data\/files\/AA\/C6\/DF\/DC\/59A0191095CB5C09820808A8\/WhatsApp%20Image%202024-07-31%20at%2015.48.26.jpeg\" \/><\/p>\n<section class=\"block__body\">\n<div class=\"container\" contenteditable=\"false\">\n<p>\u00a0<\/p>\n<p>\u201c\u00c9 importante lembrar ainda que a Selic impacta em todas as outras taxas da economia, incluindo as que s\u00e3o cobradas pelos bancos. Atualmente, a taxa de juros rotativo dos cart\u00f5es de cr\u00e9dito, que \u00e9 uma modalidade muito utilizada pelos brasileiros, <a href=\"https:\/\/www.poder360.com.br\/poder-economia\/juros-do-rotativo-voltam-a-subir-e-atingem-4295-ao-ano\/\">est\u00e1 em 429,5% ao ano<\/a>. E isso s\u00f3 eleva a situa\u00e7\u00e3o de endividamento da popula\u00e7\u00e3o, porque mais de 400% ao ano \u00e9 uma d\u00edvida que voc\u00ea n\u00e3o consegue pagar nunca. Como a Selic n\u00e3o cai, sinaliza para o mercado financeiro que deve manter esses juros extorsivos\u201d, explica o secret\u00e1rio de Assuntos Socioecon\u00f4micos da Contraf-CUT, Walcir Previtale.<\/p>\n<p>Ele destaca ainda que os juros do cheque especial para pessoa f\u00edsica est\u00e3o em 135% ao ano, e para pessoa jur\u00eddica 341,5% ao ano. \u201cA taxa Selic, portanto, contribui para inviabilizar a tomada de empr\u00e9stimos, inviabiliza o crescimento das empresas e, com isso, a cria\u00e7\u00e3o de empregos, al\u00e9m dos encargos do governo em rela\u00e7\u00e3o \u00e0 d\u00edvida p\u00fablica.<\/p>\n<p><a href=\"https:\/\/istoedinheiro.com.br\/cnc-endividamento-fica-estavel-em-788-das-familias-em-junho-inadimplencia-sobe-a-288\/\">Segundo a Confedera\u00e7\u00e3o Nacional do Com\u00e9rcio<\/a>, 78,8% das fam\u00edlias estavam endividadas no Brasil, em abril de 2024.<\/p>\n<\/div>\n<\/section>\n<p><strong>Fonte: Contraf-CUT<\/strong><\/p>\n","protected":false},"excerpt":{"rendered":"<p>O Comit\u00ea de Pol\u00edtica Monet\u00e1ria (Copom), do Banco Central (BC), confirmou as expectativas do mercado e manteve a taxa b\u00e1sica de juros da economia brasileira (Selic) em 10,5% ao ano, em an\u00fancio feito nesta quarta-feira (31), ap\u00f3s o encontro do colegiado, realizado a cada 45 dias para definir o \u00edndice. No comunicado sobre a decis\u00e3o, [&hellip;]<\/p>\n","protected":false},"author":2,"featured_media":15605,"comment_status":"","ping_status":"","sticky":false,"template":"","format":"standard","meta":{"footnotes":""},"categories":[3],"tags":[],"class_list":["post-15606","post","type-post","status-publish","format-standard","has-post-thumbnail","hentry","category-noticias"],"_links":{"self":[{"href":"https:\/\/hostnetart.com.br\/baixada\/wp-json\/wp\/v2\/posts\/15606","targetHints":{"allow":["GET"]}}],"collection":[{"href":"https:\/\/hostnetart.com.br\/baixada\/wp-json\/wp\/v2\/posts"}],"about":[{"href":"https:\/\/hostnetart.com.br\/baixada\/wp-json\/wp\/v2\/types\/post"}],"author":[{"embeddable":true,"href":"https:\/\/hostnetart.com.br\/baixada\/wp-json\/wp\/v2\/users\/2"}],"replies":[{"embeddable":true,"href":"https:\/\/hostnetart.com.br\/baixada\/wp-json\/wp\/v2\/comments?post=15606"}],"version-history":[{"count":0,"href":"https:\/\/hostnetart.com.br\/baixada\/wp-json\/wp\/v2\/posts\/15606\/revisions"}],"wp:featuredmedia":[{"embeddable":true,"href":"https:\/\/hostnetart.com.br\/baixada\/wp-json\/wp\/v2\/media\/15605"}],"wp:attachment":[{"href":"https:\/\/hostnetart.com.br\/baixada\/wp-json\/wp\/v2\/media?parent=15606"}],"wp:term":[{"taxonomy":"category","embeddable":true,"href":"https:\/\/hostnetart.com.br\/baixada\/wp-json\/wp\/v2\/categories?post=15606"},{"taxonomy":"post_tag","embeddable":true,"href":"https:\/\/hostnetart.com.br\/baixada\/wp-json\/wp\/v2\/tags?post=15606"}],"curies":[{"name":"wp","href":"https:\/\/api.w.org\/{rel}","templated":true}]}}