{"id":15604,"date":"2024-07-31T12:57:26","date_gmt":"2024-07-31T15:57:26","guid":{"rendered":"https:\/\/hostnetart.com.br\/baixada\/a-associacao-nacional-das-instituicoes-de-credito-financiamento-e-investimento-acrefi-nao-cumpriu-o-combinado-e-nao-apresentou-uma-proposta-global-em-resposta-a-pauta-de-reivindicacoes-do-coletivo-nac\/"},"modified":"2024-07-31T12:57:26","modified_gmt":"2024-07-31T15:57:26","slug":"a-associacao-nacional-das-instituicoes-de-credito-financiamento-e-investimento-acrefi-nao-cumpriu-o-combinado-e-nao-apresentou-uma-proposta-global-em-resposta-a-pauta-de-reivindicacoes-do-coletivo-nac","status":"publish","type":"post","link":"https:\/\/hostnetart.com.br\/baixada\/a-associacao-nacional-das-instituicoes-de-credito-financiamento-e-investimento-acrefi-nao-cumpriu-o-combinado-e-nao-apresentou-uma-proposta-global-em-resposta-a-pauta-de-reivindicacoes-do-coletivo-nac\/","title":{"rendered":"Acrefi n\u00e3o apresenta proposta aos financi\u00e1rios"},"content":{"rendered":"<p>A Associa\u00e7\u00e3o Nacional das Institui\u00e7\u00f5es de Cr\u00e9dito, Financiamento e Investimento (Acrefi) n\u00e3o cumpriu o combinado e n\u00e3o apresentou uma proposta global em resposta \u00e0 pauta de reivindica\u00e7\u00f5es do Coletivo Nacional dos Financi\u00e1rios da Confedera\u00e7\u00e3o Nacional dos Trabalhadores do Ramo Financeiro (Contraf-CUT), na tarde desta ter\u00e7a-feira (30), em S\u00e3o Paulo.<\/p>\n<p>Os representantes sindicais propuseram um acordo de dois anos, com um reajuste salarial que cubra a infla\u00e7\u00e3o medida pelo INPC, de junho de 2023 a maio de 2024, e de junho de 2024 a maio de 2025, acrescido de 5% de aumento real. Os mesmos \u00edndices devem ser aplicados na Participa\u00e7\u00e3o nos Lucros e Resultados (PLR).<\/p>\n<p>A secret\u00e1ria de Organiza\u00e7\u00e3o do Ramo Financeiro e Pol\u00edtica Sindical da Contraf-CUT, Magaly Fagundes, saiu da reuni\u00e3o com o sentimento de frustra\u00e7\u00e3o. &#8220;\u00c9 inaceit\u00e1vel que, ap\u00f3s tantas negocia\u00e7\u00f5es, a Acrefi n\u00e3o tenha apresentado uma proposta concreta que atenda \u00e0s justas reivindica\u00e7\u00f5es dos trabalhadores. Entre elas, as quest\u00f5es sociais, como equidade salarial entre homens e mulheres, fim da terceiriza\u00e7\u00e3o e diversidade. O compromisso com os financi\u00e1rios precisa ser levado a s\u00e9rio.&#8221;<\/p>\n<p>O coordenador do Coletivo Nacional dos Financi\u00e1rios da Contraf-CUT, Jair Alves, refor\u00e7a a necessidade de respeito com os trabalhadores. &#8220;Os trabalhadores do setor financeiro merecem respeito e valoriza\u00e7\u00e3o. Esperamos que a Acrefi reconhe\u00e7a a import\u00e2ncia de um acordo justo e apresente uma proposta que contemple as necessidades da categoria.&#8221;<\/p>\n<p>A reuni\u00e3o para apresenta\u00e7\u00e3o da proposta ficou agendada para o dia 14 de agosto.<\/p>\n<p><strong>Fonte: Contraf-CUT<\/strong><\/p>\n","protected":false},"excerpt":{"rendered":"<p>A Associa\u00e7\u00e3o Nacional das Institui\u00e7\u00f5es de Cr\u00e9dito, Financiamento e Investimento (Acrefi) n\u00e3o cumpriu o combinado e n\u00e3o apresentou uma proposta global em resposta \u00e0 pauta de reivindica\u00e7\u00f5es do Coletivo Nacional dos Financi\u00e1rios da Confedera\u00e7\u00e3o Nacional dos Trabalhadores do Ramo Financeiro (Contraf-CUT), na tarde desta ter\u00e7a-feira (30), em S\u00e3o Paulo. Os representantes sindicais propuseram um acordo [&hellip;]<\/p>\n","protected":false},"author":2,"featured_media":15603,"comment_status":"","ping_status":"","sticky":false,"template":"","format":"standard","meta":{"footnotes":""},"categories":[3],"tags":[],"class_list":["post-15604","post","type-post","status-publish","format-standard","has-post-thumbnail","hentry","category-noticias"],"_links":{"self":[{"href":"https:\/\/hostnetart.com.br\/baixada\/wp-json\/wp\/v2\/posts\/15604","targetHints":{"allow":["GET"]}}],"collection":[{"href":"https:\/\/hostnetart.com.br\/baixada\/wp-json\/wp\/v2\/posts"}],"about":[{"href":"https:\/\/hostnetart.com.br\/baixada\/wp-json\/wp\/v2\/types\/post"}],"author":[{"embeddable":true,"href":"https:\/\/hostnetart.com.br\/baixada\/wp-json\/wp\/v2\/users\/2"}],"replies":[{"embeddable":true,"href":"https:\/\/hostnetart.com.br\/baixada\/wp-json\/wp\/v2\/comments?post=15604"}],"version-history":[{"count":0,"href":"https:\/\/hostnetart.com.br\/baixada\/wp-json\/wp\/v2\/posts\/15604\/revisions"}],"wp:featuredmedia":[{"embeddable":true,"href":"https:\/\/hostnetart.com.br\/baixada\/wp-json\/wp\/v2\/media\/15603"}],"wp:attachment":[{"href":"https:\/\/hostnetart.com.br\/baixada\/wp-json\/wp\/v2\/media?parent=15604"}],"wp:term":[{"taxonomy":"category","embeddable":true,"href":"https:\/\/hostnetart.com.br\/baixada\/wp-json\/wp\/v2\/categories?post=15604"},{"taxonomy":"post_tag","embeddable":true,"href":"https:\/\/hostnetart.com.br\/baixada\/wp-json\/wp\/v2\/tags?post=15604"}],"curies":[{"name":"wp","href":"https:\/\/api.w.org\/{rel}","templated":true}]}}