{"id":15602,"date":"2024-07-31T12:05:57","date_gmt":"2024-07-31T15:05:57","guid":{"rendered":"https:\/\/hostnetart.com.br\/baixada\/debate-sobre-jornada-de-quatro-dias-ganha-forca-no-senado\/"},"modified":"2024-07-31T12:05:57","modified_gmt":"2024-07-31T15:05:57","slug":"debate-sobre-jornada-de-quatro-dias-ganha-forca-no-senado","status":"publish","type":"post","link":"https:\/\/hostnetart.com.br\/baixada\/debate-sobre-jornada-de-quatro-dias-ganha-forca-no-senado\/","title":{"rendered":"Debate sobre jornada de quatro dias ganha for\u00e7a no Senado"},"content":{"rendered":"<\/p>\n<p>O debate sobre uma das prioridades da Campanha Nacional dos Banc\u00e1rios, a jornada de quatro dias por semana, avan\u00e7a no Senado, com tr\u00eas projetos de senadores de diferentes partidos. \u201cS\u00e3o propostas que dialogam com a reivindica\u00e7\u00e3o da nossa campanha nacional\u201d, observou o secret\u00e1rio de Rela\u00e7\u00f5es do Trabalho e respons\u00e1vel da Confedera\u00e7\u00e3o Nacional dos Trabalhadores do Ramo Financeiro (Contraf-CUT) pelo acompanhamento da tramita\u00e7\u00e3o no Congresso Nacional das pautas de interesse dos trabalhadores, Jeferson Meira, o Jef\u00e3o.<\/p>\n<p>Com a reivindica\u00e7\u00e3o dos banc\u00e1rios, n\u00e3o haveria altera\u00e7\u00e3o no n\u00famero de dias de abertura das ag\u00eancias banc\u00e1rias. Apenas o n\u00famero de dias de trabalho dos trabalhadores seria menor. \u201cA diminui\u00e7\u00e3o da jornada, sem a redu\u00e7\u00e3o salarial e com a manuten\u00e7\u00e3o da abertura dos bancos de segunda a sexta-feira, al\u00e9m de trazer impactos positivos na vida dos trabalhadores (com melhorias na sa\u00fade f\u00edsica e mental, menos esgotamento, ins\u00f4nia e fadiga), n\u00e3o prejudica a produtividade, nem a receita da empresa, pelo contr\u00e1rio, pode at\u00e9 aument\u00e1-las. Al\u00e9m disso, \u00e9 uma forma de democratizar os ganhos financeiros, obtidos com os avan\u00e7os tecnol\u00f3gicos, porque tem potencial de gerar mais vagas de emprego no setor\u201d, explicou a presidenta da Contraf-CUT, Juvandia Moreira.<\/p>\n<p>A \u201cjornada de quatro dias semanais\u201d \u00e9 prioridade para 42% dos trabalhadores que responderam \u00e0 Consulta Nacional dos Banc\u00e1rios de 2024, atr\u00e1s apenas da \u201cmanuten\u00e7\u00e3o de direitos\u201d (70%); \u201cemprego\u201d (49%) e \u201ccombate ao ass\u00e9dio moral\u201d (45%).<\/p>\n<h2><strong>As propostas no Senado<\/strong><\/h2>\n<h2>O Projeto de Lei <a href=\"https:\/\/www25.senado.leg.br\/web\/atividade\/materias\/-\/materia\/156208\" target=\"_blank\" rel=\"noopener noreferrer\">(PL) 1.105\/2023<\/a>, que inclui na Consolida\u00e7\u00e3o das Leis do Trabalho (CLT) a possibilidade de redu\u00e7\u00e3o das horas trabalhadas di\u00e1rias ou semanais, mediante acordo ou conven\u00e7\u00e3o coletiva, sem perda na remunera\u00e7\u00e3o, j\u00e1 foi aprovado pela Comiss\u00e3o de Assuntos Sociais (CAS) e agora est\u00e1 em an\u00e1lise na Comiss\u00e3o de Assuntos Econ\u00f4micos (CAE).<\/h2>\n<p>A Proposta de Emenda \u00e0 Constitui\u00e7\u00e3o <a href=\"https:\/\/www25.senado.leg.br\/web\/atividade\/materias\/-\/materia\/124067\" target=\"_blank\" rel=\"noopener noreferrer\">(PEC) 148\/2015<\/a>, que havia sido arquivada em 2022, voltou a tramitar no ano passado e agora aguarda an\u00e1lise da Comiss\u00e3o de Constitui\u00e7\u00e3o e Justi\u00e7a. Ela prop\u00f5e a redu\u00e7\u00e3o da jornada para, no m\u00e1ximo, oito horas di\u00e1rias e de at\u00e9 36 horas semanais. A redu\u00e7\u00e3o seria gradual, de uma hora por ano.<\/p>\n<p>Uma terceira proposta sobre o tema em tramita\u00e7\u00e3o no Senado \u00e9 o Projeto de Resolu\u00e7\u00e3o do Senado <a href=\"https:\/\/www25.senado.leg.br\/web\/atividade\/materias\/-\/materia\/163807\" target=\"_blank\" rel=\"noopener noreferrer\">(PRS) 15\/2024<\/a>, que cria um pr\u00eamio, do pr\u00f3prio Senado, para as empresas que adotarem a jornada reduzida sem perda salarial.<\/p>\n<p>\u201cPesquisas apontam que a redu\u00e7\u00e3o da jornada, sem a redu\u00e7\u00e3o salarial, deixa os trabalhadores mais satisfeitos com o trabalho, reduz o adoecimento e, consequentemente, o absente\u00edsmo (aus\u00eancia, ou afastamento do trabalho) e levam ao aumento da produtividade\u201d, disse Jef\u00e3o.<\/p>\n<p>A redu\u00e7\u00e3o da jornada de trabalho sem redu\u00e7\u00e3o salarial tamb\u00e9m tramita na C\u00e2mara dos Deputados. Um dos projetos que tramita na casa \u00e9 a <a href=\"https:\/\/www.camara.leg.br\/proposicoesWeb\/fichadetramitacao?idProposicao=2233802\" target=\"_blank\" rel=\"noopener noreferrer\">PEC 221\/2019<\/a>, que \u201caltera o artigo 7\u00ba, inciso XII da Constitui\u00e7\u00e3o Federal, reduzindo a jornada de trabalho para 36 horas semanais, em 10 anos\u201d.<\/p>\n<h2><strong>Pesquisas<\/strong><\/h2>\n<p>\u201cO Senado fez <a href=\"https:\/\/www.senado.leg.br\/institucional\/datasenado\/relatorio_online\/pesquisa_trabalho\/2024\/interativo.html\" target=\"_blank\" rel=\"noopener noreferrer\">uma pesquisa<\/a> que aponta que 85% dos trabalhadores brasileiros acreditam que teriam mais qualidade de vida, caso tivessem um dia livre a mais por semana, sem corte no sal\u00e1rio. E 78% afirmam que conseguiriam manter a mesma qualidade de trabalho&#8221;, informou Jef\u00e3o.<\/p>\n<p>Al\u00e9m do Senado, outras pesquisas realizadas dentro e fora do pa\u00eds trazem dados de projetos-piloto com impactos positivos na sa\u00fade f\u00edsica e mental de funcion\u00e1rios, na redu\u00e7\u00e3o de faltas no trabalho, al\u00e9m de ganhos na produtividade e na receita das empresas. No Brasil, a <em>4 Day Week Global<\/em> iniciou testes em janeiro de 2024 com 21 empresas. Resultados parciais do projeto mostram que 61,5% dos trabalhadores apresentaram melhoria na execu\u00e7\u00e3o de projetos; 58,5% melhoria na criatividade e inova\u00e7\u00e3o; 44,4% melhoria na capacidade de cumprir prazos; e 33,3% na capacidade de angariar clientes.<\/p>\n<p>Os resultados mostram, ainda, que 64,5% dos trabalhadores tiveram redu\u00e7\u00e3o de exaust\u00e3o frequente por causa do trabalho; 50% redu\u00e7\u00e3o na ins\u00f4nia; 46,3% praticaram exerc\u00edcio mais de tr\u00eas vezes na semana. Tamb\u00e9m houve aumento de 27,1% no n\u00famero daqueles que dormem mais de 8 horas por noite.<\/p>\n<h2><strong>Mais empregos<\/strong><\/h2>\n<p>Levantamento feito pelo Departamento Intersindical de Estat\u00edstica e Estudos Socioecon\u00f4micos (Dieese) mostra que a implementa\u00e7\u00e3o da jornada de quatro dias, entre os banc\u00e1rios que hoje realizam a jornada de 37 horas semanais, teria o potencial de criar mais de 108 mil vagas no setor, ou 25% do total de vagas que existem atualmente.<\/p>\n<p>Se a jornada reduzida fosse implementada entre os trabalhadores com jornada semanal de 30 horas, o potencial de gera\u00e7\u00e3o de emprego seria de mais de 240 mil vagas, ou 55,5% do total que existem hoje.<\/p>\n<p>J\u00e1, se a redu\u00e7\u00e3o da jornada fosse implementada apenas na \u00e1rea de TI dos bancos privados, o potencial de gera\u00e7\u00e3o de empregos seria de mais de 7 mil, aumento de 25% no volume atual de postos.<\/p>\n<p><em>Com informa\u00e7\u00f5es da Ag\u00eancia Senado.<\/em><\/p>\n<p><b>Fonte: Contraf-CUT<\/b><\/p>\n","protected":false},"excerpt":{"rendered":"<p>O debate sobre uma das prioridades da Campanha Nacional dos Banc\u00e1rios, a jornada de quatro dias por semana, avan\u00e7a no Senado, com tr\u00eas projetos de senadores de diferentes partidos. \u201cS\u00e3o propostas que dialogam com a reivindica\u00e7\u00e3o da nossa campanha nacional\u201d, observou o secret\u00e1rio de Rela\u00e7\u00f5es do Trabalho e respons\u00e1vel da Confedera\u00e7\u00e3o Nacional dos Trabalhadores do [&hellip;]<\/p>\n","protected":false},"author":2,"featured_media":15601,"comment_status":"","ping_status":"","sticky":false,"template":"","format":"standard","meta":{"footnotes":""},"categories":[3],"tags":[],"class_list":["post-15602","post","type-post","status-publish","format-standard","has-post-thumbnail","hentry","category-noticias"],"_links":{"self":[{"href":"https:\/\/hostnetart.com.br\/baixada\/wp-json\/wp\/v2\/posts\/15602","targetHints":{"allow":["GET"]}}],"collection":[{"href":"https:\/\/hostnetart.com.br\/baixada\/wp-json\/wp\/v2\/posts"}],"about":[{"href":"https:\/\/hostnetart.com.br\/baixada\/wp-json\/wp\/v2\/types\/post"}],"author":[{"embeddable":true,"href":"https:\/\/hostnetart.com.br\/baixada\/wp-json\/wp\/v2\/users\/2"}],"replies":[{"embeddable":true,"href":"https:\/\/hostnetart.com.br\/baixada\/wp-json\/wp\/v2\/comments?post=15602"}],"version-history":[{"count":0,"href":"https:\/\/hostnetart.com.br\/baixada\/wp-json\/wp\/v2\/posts\/15602\/revisions"}],"wp:featuredmedia":[{"embeddable":true,"href":"https:\/\/hostnetart.com.br\/baixada\/wp-json\/wp\/v2\/media\/15601"}],"wp:attachment":[{"href":"https:\/\/hostnetart.com.br\/baixada\/wp-json\/wp\/v2\/media?parent=15602"}],"wp:term":[{"taxonomy":"category","embeddable":true,"href":"https:\/\/hostnetart.com.br\/baixada\/wp-json\/wp\/v2\/categories?post=15602"},{"taxonomy":"post_tag","embeddable":true,"href":"https:\/\/hostnetart.com.br\/baixada\/wp-json\/wp\/v2\/tags?post=15602"}],"curies":[{"name":"wp","href":"https:\/\/api.w.org\/{rel}","templated":true}]}}