{"id":1560,"date":"2013-10-07T00:00:00","date_gmt":"2013-10-07T03:00:00","guid":{"rendered":"https:\/\/hostnetart.com.br\/baixada\/assembleia-geral-dia-7-de-outubro-vem-pra-luta-bancari-s\/"},"modified":"2013-10-07T00:00:00","modified_gmt":"2013-10-07T03:00:00","slug":"assembleia-geral-dia-7-de-outubro-vem-pra-luta-bancari-s","status":"publish","type":"post","link":"https:\/\/hostnetart.com.br\/baixada\/assembleia-geral-dia-7-de-outubro-vem-pra-luta-bancari-s\/","title":{"rendered":"ASSEMBLEIA GERAL DIA 7 DE OUTUBRO. VEM PRA LUTA BANC\u00c1RI@S!"},"content":{"rendered":"<p>Assembl\u00e9ia Geral Extraordin\u00e1ria, se realizar\u00e1 dia 12\/09\/2012, \u00e0s 18:00h, em primeira convoca\u00e7\u00e3o, e \u00e0s 18:30h, em segunda convoca\u00e7\u00e3o, no endere\u00e7o \u00e0 Rua Professor Henrique Ferreira Gomes, n\u00ba 179, Centro, Duque de Caxias, para discuss\u00e3o e delibera\u00e7\u00e3o acerca da seguinte ordem do dia:<\/p>\n<p>\u00a0<\/p>\n<p>1. Avalia\u00e7\u00e3o e delibera\u00e7\u00e3o sobre a rejei\u00e7\u00e3o da contraproposta apresentada pela FENABAN na reuni\u00e3o de 04\/10\/2013, \u00e0 minuta de reivindica\u00e7\u00f5es entregue em 30\/07\/2013<\/p>\n<p>\u00a0<\/p>\n<p>2. Delibera\u00e7\u00e3o acerca de paralisa\u00e7\u00e3o das atividades por prazo indeterminado a partir da 00h00 do dia 19\/09\/2013.<\/p>\n<p>\u00a0<\/p>\n<p>Duque de Caxias, 10 de setembro de 2012<br \/>Alcyon Vicente , Jose La\u00e9rcio e Pedro Batista<br \/>(Coordena\u00e7\u00e3o Geral)<\/p>\n<p>\u00a0<\/p>\n<p>A nova proposta dos bancos<\/p>\n<p>\u00a0<\/p>\n<p>Reajuste: 7,1% (0,97% de aumento real).<\/p>\n<p>\u00a0<\/p>\n<p>Pisos: Reajuste de 7,5% (ganho real de 1,34%).<br \/>&#8211; Piso de portaria ap\u00f3s 90 dias: R$ 1.138,38.<br \/>&#8211; Piso de escritur\u00e1rio ap\u00f3s 90 dias: R$ 1.632,93.<br \/>&#8211; Piso de caixa ap\u00f3s 90 dias: R$ 2.209,01 (que inclui R$ 391,13 de gratifica\u00e7\u00e3o de caixa e R$ 184,95 de outras verbas).<\/p>\n<p>\u00a0<\/p>\n<p>PLR regra b\u00e1sica: 90% do sal\u00e1rio mais valor fixo de R$ 1.694,00 (reajuste de 10%), limitado a R$ 9.011,76.<\/p>\n<p>\u00a0<\/p>\n<p>PLR parcela adicional: 2% do lucro l\u00edquido distribu\u00eddos linearmente, limitado a R$ 3.388,00 (10% de reajuste).<\/p>\n<p>\u00a0<\/p>\n<p>Aux\u00edlio-refei\u00e7\u00e3o: de R$ 21,46 para R$ 22,98 por dia.<\/p>\n<p>\u00a0<\/p>\n<p>Cesta-alimenta\u00e7\u00e3o: de R$ 367,92 para R$ 394,04.<\/p>\n<p>\u00a0<\/p>\n<p>13\u00aa cesta-alimenta\u00e7\u00e3o: de R$ 367,92 para R$ 394,04.<\/p>\n<p>\u00a0<\/p>\n<p>Aux\u00edlio-creche\/bab\u00e1: de R$ 306,21 para R$ 327,95 (para filhos at\u00e9 71 meses). E de R$ 261,95 para R$ 280,55 (para filhos at\u00e9 83 meses)<\/p>\n<p>\u00a0<\/p>\n<p>As principais reivindica\u00e7\u00f5es dos banc\u00e1rios<\/p>\n<p>\u00a0<\/p>\n<p>&gt; Reajuste salarial de 11,93% (5% de aumento real al\u00e9m da infla\u00e7\u00e3o)<\/p>\n<p>&gt; PLR: tr\u00eas sal\u00e1rios mais R$ 5.553,15.<\/p>\n<p>&gt; Piso: R$ 2.860,21 (sal\u00e1rio m\u00ednimo do Dieese).<\/p>\n<p>&gt; Aux\u00edlios alimenta\u00e7\u00e3o, refei\u00e7\u00e3o, 13\u00aa cesta e aux\u00edlio-creche\/bab\u00e1: R$ 678 ao m\u00eas para cada (sal\u00e1rio m\u00ednimo nacional).<\/p>\n<p>&gt; Aux\u00edlio-educa\u00e7\u00e3o: pagamento para gradua\u00e7\u00e3o e p\u00f3s-gradua\u00e7\u00e3o.<\/p>\n<p>Fonte: Contraf-CUT<\/p>\n","protected":false},"excerpt":{"rendered":"<p>Assembl\u00e9ia Geral Extraordin\u00e1ria, se realizar\u00e1 dia 12\/09\/2012, \u00e0s 18:00h, em primeira convoca\u00e7\u00e3o, e \u00e0s 18:30h, em segunda convoca\u00e7\u00e3o, no endere\u00e7o \u00e0 Rua Professor Henrique Ferreira Gomes, n\u00ba 179, Centro, Duque de Caxias, para discuss\u00e3o e delibera\u00e7\u00e3o acerca da seguinte ordem do dia: \u00a0 1. Avalia\u00e7\u00e3o e delibera\u00e7\u00e3o sobre a rejei\u00e7\u00e3o da contraproposta apresentada pela FENABAN [&hellip;]<\/p>\n","protected":false},"author":1,"featured_media":1559,"comment_status":"","ping_status":"","sticky":false,"template":"","format":"standard","meta":{"footnotes":""},"categories":[3],"tags":[],"class_list":["post-1560","post","type-post","status-publish","format-standard","has-post-thumbnail","hentry","category-noticias"],"_links":{"self":[{"href":"https:\/\/hostnetart.com.br\/baixada\/wp-json\/wp\/v2\/posts\/1560","targetHints":{"allow":["GET"]}}],"collection":[{"href":"https:\/\/hostnetart.com.br\/baixada\/wp-json\/wp\/v2\/posts"}],"about":[{"href":"https:\/\/hostnetart.com.br\/baixada\/wp-json\/wp\/v2\/types\/post"}],"author":[{"embeddable":true,"href":"https:\/\/hostnetart.com.br\/baixada\/wp-json\/wp\/v2\/users\/1"}],"replies":[{"embeddable":true,"href":"https:\/\/hostnetart.com.br\/baixada\/wp-json\/wp\/v2\/comments?post=1560"}],"version-history":[{"count":0,"href":"https:\/\/hostnetart.com.br\/baixada\/wp-json\/wp\/v2\/posts\/1560\/revisions"}],"wp:featuredmedia":[{"embeddable":true,"href":"https:\/\/hostnetart.com.br\/baixada\/wp-json\/wp\/v2\/media\/1559"}],"wp:attachment":[{"href":"https:\/\/hostnetart.com.br\/baixada\/wp-json\/wp\/v2\/media?parent=1560"}],"wp:term":[{"taxonomy":"category","embeddable":true,"href":"https:\/\/hostnetart.com.br\/baixada\/wp-json\/wp\/v2\/categories?post=1560"},{"taxonomy":"post_tag","embeddable":true,"href":"https:\/\/hostnetart.com.br\/baixada\/wp-json\/wp\/v2\/tags?post=1560"}],"curies":[{"name":"wp","href":"https:\/\/api.w.org\/{rel}","templated":true}]}}