{"id":15596,"date":"2024-07-30T11:05:45","date_gmt":"2024-07-30T14:05:45","guid":{"rendered":"https:\/\/hostnetart.com.br\/baixada\/nesta-terca-trabalhadores-vao-as-ruas-pela-reducao-dos-juros\/"},"modified":"2024-07-30T11:05:45","modified_gmt":"2024-07-30T14:05:45","slug":"nesta-terca-trabalhadores-vao-as-ruas-pela-reducao-dos-juros","status":"publish","type":"post","link":"https:\/\/hostnetart.com.br\/baixada\/nesta-terca-trabalhadores-vao-as-ruas-pela-reducao-dos-juros\/","title":{"rendered":"Nesta ter\u00e7a, trabalhadores v\u00e3o \u00e0s ruas pela redu\u00e7\u00e3o dos juros"},"content":{"rendered":"<\/p>\n<p>Organiza\u00e7\u00f5es sociais voltam \u00e0s ruas e \u00e0s redes sociais em protestos contra a pol\u00edtica monet\u00e1ria praticada pelo Banco Central, por meio do Comit\u00ea de Pol\u00edtica Monet\u00e1ria (Copom). As manifesta\u00e7\u00f5es ser\u00e3o concentradas nesta ter\u00e7a-feira (30), primeiro dos dois dias de encontro do Copom para definir a taxa b\u00e1sica de juros da economia brasileira (Selic).<\/p>\n<p>A expectativa do mercado, o principal orientador da entidade, \u00e9 que o colegiado ir\u00e1 manter a taxa Selic em 10,5% ao ano, \u00edndice que torna o Brasil com uma das maiores taxas de juros reais (taxa Selic descontada a infla\u00e7\u00e3o) do mundo, com reflexos negativos para o crescimento do pa\u00eds, porque influencia todas as outras taxas da economia.<\/p>\n<p>\u201cA Selic alta significa carrinho de compras vazio, significa tamb\u00e9m financiar um carro, mas ter que pagar por dois, dificulta pegar um empr\u00e9stimo e dar conta de pagar o empr\u00e9stimo necess\u00e1rio, por exemplo, para expandir um neg\u00f3cio, porque os juros est\u00e3o muito altos\u201d, explica Juvandia Moreira, presidenta da Confedera\u00e7\u00e3o Nacional dos Trabalhadores e Trabalhadoras do Ramo Financeiro (Contraf-CUT) e vice-presidenta da CUT, entidades que participar\u00e3o dos protestos.<\/p>\n<p>Al\u00e9m de tornar o cr\u00e9dito mais caro, com impactos em toda a cadeia produtiva, no consumo e na cria\u00e7\u00e3o de empregos, por ser o principal \u00edndice usado nas negocia\u00e7\u00f5es dos t\u00edtulos p\u00fablicos emitidos pelo Tesouro Nacional, a Selic tamb\u00e9m impacta nos gastos do governo federal.\u00a0 \u201cO governo brasileiro acaba gastando muito mais com o pagamento dos juros dos t\u00edtulos, recurso que poderia ser direcionado para importantes \u00e1reas, como sa\u00fade e educa\u00e7\u00e3o\u201d, completa o secret\u00e1rio de Assuntos Econ\u00f4micos da Contraf-CUT, Walcir Previtale.<\/p>\n<p><strong>Instrumento de boicote \u00e0 economia<\/strong><\/p>\n<p>Os movimentos sociais tamb\u00e9m destacam que o presidente do BC, Roberto Campos Neto, que foi indicado ao cargo em 2019, pelo ent\u00e3o presidente Jair Bolsonaro, n\u00e3o tem postura t\u00e9cnica, mas sim pol\u00edtica, a exemplo da sua participa\u00e7\u00e3o em <a href=\"https:\/\/www.infomoney.com.br\/politica\/tarcisio-reune-campos-neto-e-banqueiros-em-jantar-apos-homenagem-ao-presidente-do-bc\/\">almo\u00e7o com o governador de S\u00e3o Paulo, Tarc\u00edsio de Freitas<\/a> (Republicanos).<\/p>\n<p>\u201cAs decis\u00f5es do colegiado do BC, sob o seu comando, claramente sabotam o crescimento do pa\u00eds e as decis\u00f5es econ\u00f4micas do atual governo. De quebra, Campos Neto participa de encontros com pol\u00edticos da oposi\u00e7\u00e3o, num claro movimento pol\u00edtico-partid\u00e1rio\u201d, alerta Juvandia Moreira.<\/p>\n<p><strong>Para\u00edso para rentistas<\/strong><\/p>\n<p>O economista do Departamento Intersindical de Estat\u00edstica e Estudos Socioecon\u00f4micos (Dieese), Gustavo Cavarzan, explica que a Selic elevada tira dinheiro das fam\u00edlias e das empresas e leva para os rentistas. Em outras palavras, desestimula o investimento na chamada economia real, que \u00e9 aquela que impacta na gera\u00e7\u00e3o de emprego, porque produz riqueza e renda.<\/p>\n<p>\u201cCom a atual taxa de juros no Brasil (em 10,5%), \u00e9 poss\u00edvel duplicar, em apenas 6 anos, o valor de um patrim\u00f4nio aplicado em t\u00edtulos p\u00fablicos, sem a realiza\u00e7\u00e3o de nenhum tipo de investimentos produtivos, como, por exemplo, o Tesouro Prefixado 2031, com juros anuais em 12,29%\u201d, destaca o economista. \u201cA t\u00edtulo de compara\u00e7\u00e3o, com os juros pagos por t\u00edtulos p\u00fablicos de prazo similar nos Estados Unidos, levaria cerca de 17 anos, ou quase 3 vezes mais tempo, para duplicar o valor dos recursos aplicados. Isso representa um enorme desincentivo ao investimento produtivo gerador de emprego e renda no Brasil\u201d, completa.<\/p>\n<p>Ainda segundo levantamento do Dieese, a cada 1% de aumento na taxa b\u00e1sica de juros brasileira, quase R$ 40 bilh\u00f5es s\u00e3o transferidos, por ano, para a especula\u00e7\u00e3o financeira.<\/p>\n<p><strong>Infla\u00e7\u00e3o n\u00e3o se combate exclusivamente com Selic<\/strong><\/p>\n<p>No \u00faltimo encontro para definir a Selic, em junho, ao manter o \u00edndice em 10,5%, o Copom rompeu com o ciclo de cortes que vinha ocorrendo desde agosto de 2023, quando a taxa b\u00e1sica ficou em 13,75% durante um ano. Ciclo de cortes estes que s\u00f3 foi implementado ap\u00f3s intensa press\u00e3o de movimentos sociais e cr\u00edticas do setor produtivo e do presidente Lula.<\/p>\n<p>Agora, a indica\u00e7\u00e3o que vem sendo feita pela entidade monet\u00e1ria \u00e9 a de que manter\u00e1 a Selic em 10,5% at\u00e9 o final de 2024, usando como argumento a piora nas expectativas do \u00cdndice Nacional de Pre\u00e7os ao Consumidor Amplo (IPCA), principal medidor da infla\u00e7\u00e3o no pa\u00eds.<\/p>\n<p>Acontece que o IPCA segue dentro do teto estabelecido para o ano, de 4,5%, como apontam os relat\u00f3rios divulgados periodicamente pelo Instituto Brasileiro de Geografia e Estat\u00edstica (IBGE). No mais recente, publicado no dia 10 de julho, o IPCA acumulava alta de 4,23%, nos \u00faltimos 12 meses. Para 2025, a meta da infla\u00e7\u00e3o que o Copom persegue \u00e9 de 3%, com intervalo de toler\u00e2ncia de 1,5% para mais ou para menos.<\/p>\n<p>Cavarzan ressalta que a infla\u00e7\u00e3o n\u00e3o se combate exclusivamente com a Selic. O economista lembra que as causas que levaram \u00e0 infla\u00e7\u00e3o registrada no pa\u00eds entre 2021 e 2023, quando o Copom subiu a Selic de 2,75% para 13,75%, foram m\u00faltiplas, e n\u00e3o por conta do mercado interno aquecido.<\/p>\n<p>\u201cNaquele per\u00edodo, gasolina e etanol subiram consideravelmente por causa da pol\u00edtica de paridade internacional de pre\u00e7os da Petrobras, que fazia os pre\u00e7os internos acompanharem as movimenta\u00e7\u00f5es do mercado internacional. Essa pol\u00edtica terminou no governo Lula. O segundo fator que impactou na infla\u00e7\u00e3o foi a energia el\u00e9trica, que chegou a ter eleva\u00e7\u00e3o de mais de 21%, mas que n\u00e3o se trata de um pre\u00e7o que responde a mudan\u00e7as na din\u00e2mica de oferta e demanda na economia, mas sim um pre\u00e7o administrado, reajustado por contrato e conforme as condi\u00e7\u00f5es clim\u00e1ticas\u201d, destaca.<\/p>\n<p>O terceiro fator, apontado pelo economista, para a infla\u00e7\u00e3o que o pa\u00eds enfrentou entre 2021 e 2023, foi a alta nos alimentos e que tamb\u00e9m ocorreu por fatores externos, em fun\u00e7\u00e3o da pandemia e do conflito entre R\u00fassia e Ucr\u00e2nia. \u201cNo caso do aumento de pre\u00e7os dos alimentos, uma pol\u00edtica de estoques reguladores de pre\u00e7os seria uma das vias de resolu\u00e7\u00e3o. Ent\u00e3o veja, em todos os casos citados, a maneira de combater a infla\u00e7\u00e3o de forma eficiente seria por outras formas, que n\u00e3o a Selic e que traz fortes efeitos colaterais para o desenvolvimento do pa\u00eds\u201d, conclui o economista.<\/p>\n<p><strong>Fonte: Contraf-CUT<\/strong><\/p>\n","protected":false},"excerpt":{"rendered":"<p>Organiza\u00e7\u00f5es sociais voltam \u00e0s ruas e \u00e0s redes sociais em protestos contra a pol\u00edtica monet\u00e1ria praticada pelo Banco Central, por meio do Comit\u00ea de Pol\u00edtica Monet\u00e1ria (Copom). As manifesta\u00e7\u00f5es ser\u00e3o concentradas nesta ter\u00e7a-feira (30), primeiro dos dois dias de encontro do Copom para definir a taxa b\u00e1sica de juros da economia brasileira (Selic). A expectativa [&hellip;]<\/p>\n","protected":false},"author":2,"featured_media":15595,"comment_status":"","ping_status":"","sticky":false,"template":"","format":"standard","meta":{"footnotes":""},"categories":[3],"tags":[],"class_list":["post-15596","post","type-post","status-publish","format-standard","has-post-thumbnail","hentry","category-noticias"],"_links":{"self":[{"href":"https:\/\/hostnetart.com.br\/baixada\/wp-json\/wp\/v2\/posts\/15596","targetHints":{"allow":["GET"]}}],"collection":[{"href":"https:\/\/hostnetart.com.br\/baixada\/wp-json\/wp\/v2\/posts"}],"about":[{"href":"https:\/\/hostnetart.com.br\/baixada\/wp-json\/wp\/v2\/types\/post"}],"author":[{"embeddable":true,"href":"https:\/\/hostnetart.com.br\/baixada\/wp-json\/wp\/v2\/users\/2"}],"replies":[{"embeddable":true,"href":"https:\/\/hostnetart.com.br\/baixada\/wp-json\/wp\/v2\/comments?post=15596"}],"version-history":[{"count":0,"href":"https:\/\/hostnetart.com.br\/baixada\/wp-json\/wp\/v2\/posts\/15596\/revisions"}],"wp:featuredmedia":[{"embeddable":true,"href":"https:\/\/hostnetart.com.br\/baixada\/wp-json\/wp\/v2\/media\/15595"}],"wp:attachment":[{"href":"https:\/\/hostnetart.com.br\/baixada\/wp-json\/wp\/v2\/media?parent=15596"}],"wp:term":[{"taxonomy":"category","embeddable":true,"href":"https:\/\/hostnetart.com.br\/baixada\/wp-json\/wp\/v2\/categories?post=15596"},{"taxonomy":"post_tag","embeddable":true,"href":"https:\/\/hostnetart.com.br\/baixada\/wp-json\/wp\/v2\/tags?post=15596"}],"curies":[{"name":"wp","href":"https:\/\/api.w.org\/{rel}","templated":true}]}}