{"id":15594,"date":"2024-07-30T11:02:10","date_gmt":"2024-07-30T14:02:10","guid":{"rendered":"https:\/\/hostnetart.com.br\/baixada\/gt-de-saude-da-caixa-se-reune-nesta-quarta-feira-31\/"},"modified":"2024-07-30T11:02:10","modified_gmt":"2024-07-30T14:02:10","slug":"gt-de-saude-da-caixa-se-reune-nesta-quarta-feira-31","status":"publish","type":"post","link":"https:\/\/hostnetart.com.br\/baixada\/gt-de-saude-da-caixa-se-reune-nesta-quarta-feira-31\/","title":{"rendered":"GT de Sa\u00fade da Caixa se re\u00fane nesta quarta-feira (31)"},"content":{"rendered":"<\/p>\n<p>O Grupo de Trabalho composto entre representantes das empregadas e empregados e da Caixa Econ\u00f4mica Federal para discutir quest\u00f5es relacionadas \u00e0 sa\u00fade dos trabalhadores se re\u00fane nesta quarta-feira (31). Em pauta, quest\u00f5es relacionadas ao Sa\u00fade Caixa.<\/p>\n<p>A exclus\u00e3o do teto para o custeio pelo banco com a sa\u00fade dos empregados, estabelecido no estatuto do banco em 6,5% da folha de pagamentos, ser\u00e1 um dos principais pontos a serem debatidos. \u201cMas tamb\u00e9m queremos discutir sobre custos que deveriam ser de responsabilidade do banco que s\u00e3o repassados para o Sa\u00fade Caixa e, consequentemente, acabam onerando os trabalhadores\u201d, informou o coordenador da Comiss\u00e3o Executiva dos Empregados (CEE) da Caixa, Rafael de Castro.<\/p>\n<p>Os trabalhadores tamb\u00e9m v\u00e3o cobrar agilidade na volta do funcionamento dos comit\u00eas de credenciamento e descredenciamento. \u201cNa \u00faltima reuni\u00e3o de negocia\u00e7\u00e3o para a renova\u00e7\u00e3o do nosso Acordo Coletivo de Trabalho, a Caixa anunciou a data e os nomes dos respons\u00e1veis pelas Gipes (Ger\u00eancias Regionais de Pessoas) e deixou impl\u00edcito que as Gipes tratariam dos credenciamentos e descredenciamentos. Vamos cobrar agilidade na cria\u00e7\u00e3o dos comit\u00eas, para tratar disso, para solucionar os problemas de falta de hospitais, cl\u00ednicas e profissionais credenciados em algumas localidades do pa\u00eds\u201d, disse o representante da Federa\u00e7\u00e3o das Trabalhadoras e Trabalhadores do Estado do Rio de Janeiro (Federa-RJ) no GT de Sa\u00fade da Caixa, Serginho Amorim, acrescentando que tamb\u00e9m \u00e9 preciso melhorar a rela\u00e7\u00e3o do plano de sa\u00fade com os credenciados, na quest\u00e3o de agilidade de pagamentos pelos servi\u00e7os realizados e na burocracia para credenciamento.<\/p>\n<p>A reuni\u00e3o ser\u00e1 realizada por uma plataforma de videoconfer\u00eancia.<\/p>\n<p><strong>Fonte: Contraf-CUT<\/strong><\/p>\n","protected":false},"excerpt":{"rendered":"<p>O Grupo de Trabalho composto entre representantes das empregadas e empregados e da Caixa Econ\u00f4mica Federal para discutir quest\u00f5es relacionadas \u00e0 sa\u00fade dos trabalhadores se re\u00fane nesta quarta-feira (31). Em pauta, quest\u00f5es relacionadas ao Sa\u00fade Caixa. A exclus\u00e3o do teto para o custeio pelo banco com a sa\u00fade dos empregados, estabelecido no estatuto do banco [&hellip;]<\/p>\n","protected":false},"author":2,"featured_media":15593,"comment_status":"","ping_status":"","sticky":false,"template":"","format":"standard","meta":{"footnotes":""},"categories":[3],"tags":[],"class_list":["post-15594","post","type-post","status-publish","format-standard","has-post-thumbnail","hentry","category-noticias"],"_links":{"self":[{"href":"https:\/\/hostnetart.com.br\/baixada\/wp-json\/wp\/v2\/posts\/15594","targetHints":{"allow":["GET"]}}],"collection":[{"href":"https:\/\/hostnetart.com.br\/baixada\/wp-json\/wp\/v2\/posts"}],"about":[{"href":"https:\/\/hostnetart.com.br\/baixada\/wp-json\/wp\/v2\/types\/post"}],"author":[{"embeddable":true,"href":"https:\/\/hostnetart.com.br\/baixada\/wp-json\/wp\/v2\/users\/2"}],"replies":[{"embeddable":true,"href":"https:\/\/hostnetart.com.br\/baixada\/wp-json\/wp\/v2\/comments?post=15594"}],"version-history":[{"count":0,"href":"https:\/\/hostnetart.com.br\/baixada\/wp-json\/wp\/v2\/posts\/15594\/revisions"}],"wp:featuredmedia":[{"embeddable":true,"href":"https:\/\/hostnetart.com.br\/baixada\/wp-json\/wp\/v2\/media\/15593"}],"wp:attachment":[{"href":"https:\/\/hostnetart.com.br\/baixada\/wp-json\/wp\/v2\/media?parent=15594"}],"wp:term":[{"taxonomy":"category","embeddable":true,"href":"https:\/\/hostnetart.com.br\/baixada\/wp-json\/wp\/v2\/categories?post=15594"},{"taxonomy":"post_tag","embeddable":true,"href":"https:\/\/hostnetart.com.br\/baixada\/wp-json\/wp\/v2\/tags?post=15594"}],"curies":[{"name":"wp","href":"https:\/\/api.w.org\/{rel}","templated":true}]}}