{"id":15592,"date":"2024-07-30T10:59:03","date_gmt":"2024-07-30T13:59:03","guid":{"rendered":"https:\/\/hostnetart.com.br\/baixada\/inscricoes-abertas-para-o-curso-paternidade-responsavel-e-relacoes-compartilhadas\/"},"modified":"2024-07-30T10:59:03","modified_gmt":"2024-07-30T13:59:03","slug":"inscricoes-abertas-para-o-curso-paternidade-responsavel-e-relacoes-compartilhadas","status":"publish","type":"post","link":"https:\/\/hostnetart.com.br\/baixada\/inscricoes-abertas-para-o-curso-paternidade-responsavel-e-relacoes-compartilhadas\/","title":{"rendered":"Inscri\u00e7\u00f5es abertas para o Curso &#8220;Paternidade Respons\u00e1vel e Rela\u00e7\u00f5es Compartilhadas&#8221;"},"content":{"rendered":"<\/p>\n<p>A Faculdade 28 de Agosto abriu inscri\u00e7\u00f5es para a nova turma do curso &#8220;Paternidade Respons\u00e1vel e Rela\u00e7\u00f5es Compartilhadas&#8221;, com aulas online e ao vivo, voltadas para futuros pais banc\u00e1rios e banc\u00e1rias gr\u00e1vidas com seus respectivos companheiros. O valor do investimento para o p\u00fablico em geral \u00e9 de R$ 250, mas todos os banc\u00e1rios filiados aos sindicatos da base da Contraf-CUT t\u00eam desconto e pagam apenas R$ 150.<\/p>\n<ul>\n<li><strong><u><a href=\"https:\/\/loja.spbancarios.com.br\/produto\/paternidade-responsavel\/\">Fa\u00e7a j\u00e1 sua inscri\u00e7\u00e3o<\/a><\/u><\/strong><\/li>\n<\/ul>\n<h1><strong>Detalhes do curso<\/strong><\/h1>\n<p>O curso ter\u00e1 8 horas de aula, distribu\u00eddas em 4 noites (segunda a quinta), das 19h30 \u00e0s 21h30.\u00a0<\/p>\n<h1><strong>Turmas dispon\u00edveis<\/strong><\/h1>\n<p>Agosto (12 a 15): Inscri\u00e7\u00f5es at\u00e9 dia 09 de agosto.<br \/>Outubro (07 a 10): Inscri\u00e7\u00f5es at\u00e9 dia 04 de outubro.<\/p>\n<h1><strong>Banc\u00e1rias gestantes e seus companheiros s\u00e3o muito bem-vindos<\/strong><\/h1>\n<p>O curso de Paternidade Respons\u00e1vel \u00e9 pr\u00e9-requisito para solicitar ao banco a licen\u00e7a paternidade ampliada de 20 dias, mais uma conquista dos banc\u00e1rios junto ao Sindicato. Por\u00e9m, o curso \u00e9 voltado n\u00e3o somente para os futuros pais banc\u00e1rios, mas tamb\u00e9m para suas companheiras gestantes.\u00a0<\/p>\n<h1><strong>Convite especial<\/strong><\/h1>\n<p>Considerando que o curso \u00e9 totalmente inovador, com profissionais de diferentes especialidades, o Sindicato e a Faculdade 28 de Agosto convidam as banc\u00e1rias, financi\u00e1rias e demais mulheres que atuam no sistema financeiro que est\u00e3o gestantes a participarem com seus companheiros. Se voc\u00ea est\u00e1 gr\u00e1vida e quer fazer o curso, pode se inscrever tamb\u00e9m.<\/p>\n<p>Garanta sua vaga e aproveite essa oportunidade para aprender e se preparar melhor para a paternidade e maternidade compartilhada!<\/p>\n<h1><strong>Saiba mais<\/strong><\/h1>\n<p>Com aulas online e ao vivo, o grande diferencial do curso \u201cPaternidade Respons\u00e1vel e Rela\u00e7\u00f5es Compartilhadas\u201d se estabelece na intera\u00e7\u00e3o entre professor e alunos. E na intera\u00e7\u00e3o entre os pr\u00f3prios pais e m\u00e3es, que s\u00e3o a todo momento convidados a refletir sobre suas experi\u00eancias de vida. As trocas, por meio dos di\u00e1logos abertos, se constituem como um momento \u00edmpar na vida das fam\u00edlias.<\/p>\n<p>A proposta do curso \u00e9 oferecer aos participantes uma reflex\u00e3o sobre a paternidade e a maternidade no mundo contempor\u00e2neo. S\u00e3o abordados pontos como o momento na vida do pai, os desafios para a fam\u00edlia com a chegada do novo integrante, depress\u00e3o p\u00f3s-parto e o respeito \u00e0 condi\u00e7\u00e3o biol\u00f3gica e psicol\u00f3gica da mulher.<\/p>\n<p>Os alunos tamb\u00e9m aprendem a trocar fralda, colocar para dormir, manobra de desengasgo, cuidados p\u00f3s-mamada, entre outros assuntos que auxiliar\u00e3o a desmistificar o dia a dia com o beb\u00ea, al\u00e9m de conceitos pedag\u00f3gicos novos e antigos, educa\u00e7\u00e3o para igualdade e a fun\u00e7\u00e3o paterna nesse contexto.<\/p>\n<p>Para mais informa\u00e7\u00f5es, os interessados podem entrar em contato com a Faculdade 28 de Agosto por meio do\u00a0<a href=\"https:\/\/api.whatsapp.com\/send\/?phone=5511998283809&amp;text&amp;type=phone_number&amp;app_absent=0\">WhatsApp<\/a>.<\/p>\n<p><b>Fonte: Contraf-CUT<\/b><\/p>\n","protected":false},"excerpt":{"rendered":"<p>A Faculdade 28 de Agosto abriu inscri\u00e7\u00f5es para a nova turma do curso &#8220;Paternidade Respons\u00e1vel e Rela\u00e7\u00f5es Compartilhadas&#8221;, com aulas online e ao vivo, voltadas para futuros pais banc\u00e1rios e banc\u00e1rias gr\u00e1vidas com seus respectivos companheiros. O valor do investimento para o p\u00fablico em geral \u00e9 de R$ 250, mas todos os banc\u00e1rios filiados aos [&hellip;]<\/p>\n","protected":false},"author":2,"featured_media":15591,"comment_status":"","ping_status":"","sticky":false,"template":"","format":"standard","meta":{"footnotes":""},"categories":[3],"tags":[],"class_list":["post-15592","post","type-post","status-publish","format-standard","has-post-thumbnail","hentry","category-noticias"],"_links":{"self":[{"href":"https:\/\/hostnetart.com.br\/baixada\/wp-json\/wp\/v2\/posts\/15592","targetHints":{"allow":["GET"]}}],"collection":[{"href":"https:\/\/hostnetart.com.br\/baixada\/wp-json\/wp\/v2\/posts"}],"about":[{"href":"https:\/\/hostnetart.com.br\/baixada\/wp-json\/wp\/v2\/types\/post"}],"author":[{"embeddable":true,"href":"https:\/\/hostnetart.com.br\/baixada\/wp-json\/wp\/v2\/users\/2"}],"replies":[{"embeddable":true,"href":"https:\/\/hostnetart.com.br\/baixada\/wp-json\/wp\/v2\/comments?post=15592"}],"version-history":[{"count":0,"href":"https:\/\/hostnetart.com.br\/baixada\/wp-json\/wp\/v2\/posts\/15592\/revisions"}],"wp:featuredmedia":[{"embeddable":true,"href":"https:\/\/hostnetart.com.br\/baixada\/wp-json\/wp\/v2\/media\/15591"}],"wp:attachment":[{"href":"https:\/\/hostnetart.com.br\/baixada\/wp-json\/wp\/v2\/media?parent=15592"}],"wp:term":[{"taxonomy":"category","embeddable":true,"href":"https:\/\/hostnetart.com.br\/baixada\/wp-json\/wp\/v2\/categories?post=15592"},{"taxonomy":"post_tag","embeddable":true,"href":"https:\/\/hostnetart.com.br\/baixada\/wp-json\/wp\/v2\/tags?post=15592"}],"curies":[{"name":"wp","href":"https:\/\/api.w.org\/{rel}","templated":true}]}}