{"id":15586,"date":"2024-07-27T07:43:55","date_gmt":"2024-07-27T10:43:55","guid":{"rendered":"https:\/\/hostnetart.com.br\/baixada\/coe-do-santander-reivindica-novos-direitos-sociais-na-segunda-negociacao-da-act\/"},"modified":"2024-07-27T07:43:55","modified_gmt":"2024-07-27T10:43:55","slug":"coe-do-santander-reivindica-novos-direitos-sociais-na-segunda-negociacao-da-act","status":"publish","type":"post","link":"https:\/\/hostnetart.com.br\/baixada\/coe-do-santander-reivindica-novos-direitos-sociais-na-segunda-negociacao-da-act\/","title":{"rendered":"COE do Santander reivindica novos direitos sociais na segunda negocia\u00e7\u00e3o da ACT"},"content":{"rendered":"<\/p>\n<p>A Comiss\u00e3o de Organiza\u00e7\u00e3o dos Empregados (COE) do Santander, respons\u00e1vel pelas negocia\u00e7\u00f5es do Acordo Coletivo de Trabalho (ACT), se reuniu com a dire\u00e7\u00e3o do banco na tarde desta sexta-feira (26), na sede do Sindicato dos Banc\u00e1rios de S\u00e3o Paulo. A pauta da reuni\u00e3o focou nas cl\u00e1usulas sociais.<\/p>\n<p>Entre as reivindica\u00e7\u00f5es apresentadas est\u00e1 a licen\u00e7a n\u00e3o remunerada de um ano para fins de estudos. \u201cSabemos que altos executivos j\u00e1 desfrutam disso. Queremos que essa possibilidade seja aberta para todos. O banco se diz preocupado com a qualifica\u00e7\u00e3o profissional dos seus funcion\u00e1rios. Esta \u00e9 a oportunidade ideal para mostrar isso\u201d, afirmou Wanessa Queiroz, coordenadora da COE.<\/p>\n<h1><strong>Direitos da mulher<\/strong><\/h1>\n<p>Duas reivindica\u00e7\u00f5es abordam os direitos das mulheres. A primeira \u00e9 a garantia \u00e0 empregada v\u00edtima de viol\u00eancia, que se afastar por determina\u00e7\u00e3o judicial de seu local de trabalho, a manuten\u00e7\u00e3o de seu sal\u00e1rio e demais benef\u00edcios, como se na ativa estivesse. \u201cSabemos que este tema \u00e9 muito sens\u00edvel, por isso temos dado uma aten\u00e7\u00e3o muito especial a ele\u201d, salientou Wanessa Queiroz.<\/p>\n<p>A segunda \u00e9 a garantia de aus\u00eancias remuneradas, sem qualquer desconto, de tr\u00eas dias \u00fateis consecutivos no m\u00eas para a empregada que sofra com dores no per\u00edodo menstrual. \u201cPrecisamos tratar as mulheres com respeito a sua fisiologia. O mundo machista n\u00e3o pode tratar as mulheres com a sua pr\u00f3pria r\u00e9gua; \u00e9 necess\u00e1rio um olhar especial para as necessidades de g\u00eanero, com o respeito que elas merecem\u201d, explicou Rita Berlofa.<\/p>\n<p>A redu\u00e7\u00e3o de at\u00e9 50% da jornada de trabalho, sem desconto de sal\u00e1rio, para empregados respons\u00e1veis legais por pessoas com defici\u00eancia e dependentes de apoio de terceiros tamb\u00e9m foi reivindicado. \u201cEsta cl\u00e1usula \u00e9 voltada para \u00e0queles que dependem de cuidados especiais. Uma jornada integral de trabalho n\u00e3o possibilita dar o atendimento necess\u00e1rio\u201d, completou Wanessa.<\/p>\n<p><strong>Outras reivindica\u00e7\u00f5es apresentadas incluem<\/strong>:<\/p>\n<p>Aus\u00eancias abonadas: Cinco dias \u00fateis de aus\u00eancias abonadas por ano civil, em datas pr\u00e9-acordadas com o gestor da \u00e1rea.<br \/>Veda\u00e7\u00e3o de descontos: Proibi\u00e7\u00e3o de dedu\u00e7\u00f5es e descontos diretamente na conta corrente do banc\u00e1rio, de qualquer verba recebida em decorr\u00eancia do contrato de trabalho.<br \/>Compromisso com o meio ambiente: Cancelamento e a suspens\u00e3o imediata na concess\u00e3o de cr\u00e9dito e investimentos para im\u00f3veis rurais e empresas com irregularidades socioambientais e a n\u00e3o concess\u00e3o de cr\u00e9ditos e promo\u00e7\u00e3o de investimentos para empresas e atividades prejudiciais \u00e0 biodiversidade e ao clima.<\/p>\n<h1><strong>Calend\u00e1rio das pr\u00f3ximas reuni\u00f5es<\/strong><\/h1>\n<p>2\/8 \u2013 Sa\u00fade<\/p>\n<p>9\/8 \u2013 Cl\u00e1usulas sindicais<\/p>\n<p><strong>Fonte: Contraf-CUT<\/strong><\/p>\n","protected":false},"excerpt":{"rendered":"<p>A Comiss\u00e3o de Organiza\u00e7\u00e3o dos Empregados (COE) do Santander, respons\u00e1vel pelas negocia\u00e7\u00f5es do Acordo Coletivo de Trabalho (ACT), se reuniu com a dire\u00e7\u00e3o do banco na tarde desta sexta-feira (26), na sede do Sindicato dos Banc\u00e1rios de S\u00e3o Paulo. A pauta da reuni\u00e3o focou nas cl\u00e1usulas sociais. Entre as reivindica\u00e7\u00f5es apresentadas est\u00e1 a licen\u00e7a n\u00e3o [&hellip;]<\/p>\n","protected":false},"author":2,"featured_media":15585,"comment_status":"","ping_status":"","sticky":false,"template":"","format":"standard","meta":{"footnotes":""},"categories":[3],"tags":[],"class_list":["post-15586","post","type-post","status-publish","format-standard","has-post-thumbnail","hentry","category-noticias"],"_links":{"self":[{"href":"https:\/\/hostnetart.com.br\/baixada\/wp-json\/wp\/v2\/posts\/15586","targetHints":{"allow":["GET"]}}],"collection":[{"href":"https:\/\/hostnetart.com.br\/baixada\/wp-json\/wp\/v2\/posts"}],"about":[{"href":"https:\/\/hostnetart.com.br\/baixada\/wp-json\/wp\/v2\/types\/post"}],"author":[{"embeddable":true,"href":"https:\/\/hostnetart.com.br\/baixada\/wp-json\/wp\/v2\/users\/2"}],"replies":[{"embeddable":true,"href":"https:\/\/hostnetart.com.br\/baixada\/wp-json\/wp\/v2\/comments?post=15586"}],"version-history":[{"count":0,"href":"https:\/\/hostnetart.com.br\/baixada\/wp-json\/wp\/v2\/posts\/15586\/revisions"}],"wp:featuredmedia":[{"embeddable":true,"href":"https:\/\/hostnetart.com.br\/baixada\/wp-json\/wp\/v2\/media\/15585"}],"wp:attachment":[{"href":"https:\/\/hostnetart.com.br\/baixada\/wp-json\/wp\/v2\/media?parent=15586"}],"wp:term":[{"taxonomy":"category","embeddable":true,"href":"https:\/\/hostnetart.com.br\/baixada\/wp-json\/wp\/v2\/categories?post=15586"},{"taxonomy":"post_tag","embeddable":true,"href":"https:\/\/hostnetart.com.br\/baixada\/wp-json\/wp\/v2\/tags?post=15586"}],"curies":[{"name":"wp","href":"https:\/\/api.w.org\/{rel}","templated":true}]}}