{"id":15582,"date":"2024-07-26T07:22:15","date_gmt":"2024-07-26T10:22:15","guid":{"rendered":"https:\/\/hostnetart.com.br\/baixada\/demanda-do-movimento-sindical-bndes-realizara-concurso-com-inscricao-a-partir-de-26-de-julho\/"},"modified":"2024-07-26T07:22:15","modified_gmt":"2024-07-26T10:22:15","slug":"demanda-do-movimento-sindical-bndes-realizara-concurso-com-inscricao-a-partir-de-26-de-julho","status":"publish","type":"post","link":"https:\/\/hostnetart.com.br\/baixada\/demanda-do-movimento-sindical-bndes-realizara-concurso-com-inscricao-a-partir-de-26-de-julho\/","title":{"rendered":"Demanda do movimento sindical, BNDES realizar\u00e1 concurso com inscri\u00e7\u00e3o a partir de 26 de julho"},"content":{"rendered":"<\/p>\n<p>O Banco Nacional de Desenvolvimento Econ\u00f4mico e Social (BNDES) recebe a partir desta sexta-feira (26), \u00e0s 10h, inscri\u00e7\u00f5es para o concurso 2024. O <a href=\"https:\/\/bndes.gov.br\/wps\/portal\/site\/home\/quem-somos\/trabalhar-no-bndes\/!ut\/p\/z1\/fY47D4IwFIV3fgULY3OviK-RxFeExMTBQBdSaiNVaIEW488XCermcr473O_kAHVc13Eg6dEfY3wIVLGHvDIrtWIlJJDSeRavos0-OGK8O-EEw1m0Dc_raIrLBRwG8ee_G_4byWiM719AKm9NQ0OgXCsrnhaSXF2EyaQyVtqOD4s8LHQlPGw6URGjK208tC3LWVmwNlM6GxwP-w7etUYbYkQpONOk7vJSckZ89AOo7zR9AXiE2Ww!\/\">edital<\/a> foi divulgado na segunda-feira (22). As inscri\u00e7\u00f5es podem ser feitas at\u00e9 19 de agosto, \u00e0s 23h59, no site da Funda\u00e7\u00e3o Cesgranrio.<\/p>\n<p>Ap\u00f3s 12 anos sem concursos, o banco p\u00fablico far\u00e1 provas em 13 de outubro para o preenchimento de cargos de n\u00edvel superior, com a oferta inicial de 150 vagas e outras 750 para forma\u00e7\u00e3o de cadastro de reserva.<\/p>\n<p>\u201cMais contrata\u00e7\u00f5es: essa \u00e9 uma demanda de muitos anos do movimento sindical banc\u00e1rio\u201d, ressalta o vice-presidente da Confedera\u00e7\u00e3o Nacional dos Trabalhadores do Ramo Financeiro (Contraf-CUT), Vinicius Assump\u00e7\u00e3o. \u201cEsses novos cargos devem representar um importante desafogo para o funcionalismo j\u00e1 t\u00e3o sobrecarregado.\u201d<\/p>\n<p>O dirigente espera que o novo concurso seja um indicativo de mudan\u00e7a de postura na dire\u00e7\u00e3o do banco, no sentido de valoriza\u00e7\u00e3o dos trabalhadores. Vinicius lembra que durante todo o governo anterior os empregados do BNDES sofreram, inclusive com ataques aos seus direitos. \u201cMas mantivemos uma resist\u00eancia firme, organizada, e conseguimos garantir todos os direitos aos funcion\u00e1rios, mesmo naquele per\u00edodo sombrio\u201d, lembra.<\/p>\n<h1><strong>Desenvolvimento e diversidade<\/strong><\/h1>\n<p>Pela primeira vez, um concurso do BNDES ser\u00e1 realizado em todas as capitais do pa\u00eds e com cotas de 30% para pessoas negras. Al\u00e9m da eleva\u00e7\u00e3o da cota para pessoas com defici\u00eancia de 5% para 15%. Atualmente, a institui\u00e7\u00e3o conta com um percentual aproximado de 14,6% de pessoas negras entre seus cerca de 2,4 mil empregados: 12,9% de pardos e 1,7% de pretos. Na sociedade brasileira, 56,1% s\u00e3o negros e negras (47% de pardos e 9,1% de pretos), conforme dados da Pesquisa Nacional de Amostra de Domic\u00edlios (Pnad Cont\u00ednua).<\/p>\n<p>Nas redes sociais, a diretora de Recursos Humanos do banco, Helena Ten\u00f3rio destacou a import\u00e2ncia do concurso. \u201cMarca a retomada do BNDES como promotor do desenvolvimento do nosso pa\u00eds\u201d, avalia.<\/p>\n<h1><strong>Cargos e sal\u00e1rio<\/strong><\/h1>\n<p>O processo seletivo oferece o cargo de analista com \u00eanfases em administra\u00e7\u00e3o, an\u00e1lise de sistemas\/ciberseguran\u00e7a, an\u00e1lise de sistemas\/desenvolvimento, an\u00e1lise de sistemas\/suporte, arquitetura\/urbanismo, arquivologia digital, ci\u00eancias cont\u00e1beis, ci\u00eancia de dados, comunica\u00e7\u00e3o social, direito, economia, engenharia e psicologia organizacional.<\/p>\n<p>O sal\u00e1rio inicial previsto no novo plano de cargos e sal\u00e1rios do BNDES \u00e9 de R$ 20.900, para uma jornada de trabalho de 35 horas semanais.<\/p>\n<p>Al\u00e9m dos direitos previstos em lei, os aprovados ter\u00e3o possibilidade de ascens\u00e3o de carreira de acordo com o plano de cargos e sal\u00e1rios; assist\u00eancia \u00e0 sa\u00fade; assist\u00eancia educacional (aux\u00edlio-bab\u00e1, creche e ensinos fundamental e m\u00e9dio); plano de previd\u00eancia complementar.<\/p>\n<p><strong>Fonte: Contraf-CUT<\/strong><\/p>\n","protected":false},"excerpt":{"rendered":"<p>O Banco Nacional de Desenvolvimento Econ\u00f4mico e Social (BNDES) recebe a partir desta sexta-feira (26), \u00e0s 10h, inscri\u00e7\u00f5es para o concurso 2024. O edital foi divulgado na segunda-feira (22). As inscri\u00e7\u00f5es podem ser feitas at\u00e9 19 de agosto, \u00e0s 23h59, no site da Funda\u00e7\u00e3o Cesgranrio. Ap\u00f3s 12 anos sem concursos, o banco p\u00fablico far\u00e1 provas [&hellip;]<\/p>\n","protected":false},"author":2,"featured_media":15581,"comment_status":"","ping_status":"","sticky":false,"template":"","format":"standard","meta":{"footnotes":""},"categories":[3],"tags":[],"class_list":["post-15582","post","type-post","status-publish","format-standard","has-post-thumbnail","hentry","category-noticias"],"_links":{"self":[{"href":"https:\/\/hostnetart.com.br\/baixada\/wp-json\/wp\/v2\/posts\/15582","targetHints":{"allow":["GET"]}}],"collection":[{"href":"https:\/\/hostnetart.com.br\/baixada\/wp-json\/wp\/v2\/posts"}],"about":[{"href":"https:\/\/hostnetart.com.br\/baixada\/wp-json\/wp\/v2\/types\/post"}],"author":[{"embeddable":true,"href":"https:\/\/hostnetart.com.br\/baixada\/wp-json\/wp\/v2\/users\/2"}],"replies":[{"embeddable":true,"href":"https:\/\/hostnetart.com.br\/baixada\/wp-json\/wp\/v2\/comments?post=15582"}],"version-history":[{"count":0,"href":"https:\/\/hostnetart.com.br\/baixada\/wp-json\/wp\/v2\/posts\/15582\/revisions"}],"wp:featuredmedia":[{"embeddable":true,"href":"https:\/\/hostnetart.com.br\/baixada\/wp-json\/wp\/v2\/media\/15581"}],"wp:attachment":[{"href":"https:\/\/hostnetart.com.br\/baixada\/wp-json\/wp\/v2\/media?parent=15582"}],"wp:term":[{"taxonomy":"category","embeddable":true,"href":"https:\/\/hostnetart.com.br\/baixada\/wp-json\/wp\/v2\/categories?post=15582"},{"taxonomy":"post_tag","embeddable":true,"href":"https:\/\/hostnetart.com.br\/baixada\/wp-json\/wp\/v2\/tags?post=15582"}],"curies":[{"name":"wp","href":"https:\/\/api.w.org\/{rel}","templated":true}]}}