{"id":15578,"date":"2024-07-25T23:52:44","date_gmt":"2024-07-26T02:52:44","guid":{"rendered":"https:\/\/hostnetart.com.br\/baixada\/queremos-saude-caixa\/"},"modified":"2024-07-25T23:52:44","modified_gmt":"2024-07-26T02:52:44","slug":"queremos-saude-caixa","status":"publish","type":"post","link":"https:\/\/hostnetart.com.br\/baixada\/queremos-saude-caixa\/","title":{"rendered":"Queremos Sa\u00fade, Caixa!"},"content":{"rendered":"<\/p>\n<p>A taxa de afastamentos para tratamento de sa\u00fade em decorr\u00eancia de acidentes de trabalho, ou doen\u00e7as profissionais das empregadas e empregados da Caixa Econ\u00f4mica Federal (6,2) \u00e9 mais de tr\u00eas vezes maior do que a taxa geral do mercado de trabalho (2,0), segundo dados do INSS.<\/p>\n<p>\u201cIsso quer dizer que a cada mil empregados, 6,2 se afastaram por causa de acidente de trabalho, ou por doen\u00e7a profissional. Este n\u00famero \u00e9 muito alto e indica que h\u00e1 alguma coisa na Caixa que afeta demasiadamente o cotidiano de trabalho, a ponto de adoecer as empregadas e empregados do banco muito mais do que a m\u00e9dia geral dos trabalhadores\u201d, explicou o diretor da Confedera\u00e7\u00e3o Nacional dos Trabalhadores do Ramo Financeiro (Contraf-CUT) e coordenador da Comiss\u00e3o Executiva dos Empregados (CEE) da Caixa, Rafael de Castro. \u201cE temos que resolver esse problema, pois n\u00e3o podemos permitir que o trabalho leve os trabalhadores ao adoecimento\u201d, completou.<\/p>\n<p>\u201cQueremos que o PCMSO (Programa de Controle M\u00e9dico de Sa\u00fade Ocupacional) deixe de ser apenas um exame no qual a sa\u00fade da empregada e do empregado \u00e9 avaliada e, como definido na <a href=\"https:\/\/www.gov.br\/trabalho-e-emprego\/pt-br\/acesso-a-informacao\/participacao-social\/conselhos-e-orgaos-colegiados\/comissao-tripartite-partitaria-permanente\/arquivos\/normas-regulamentadoras\/nr-07-atualizada-2022-1.pdf\" target=\"_blank\" rel=\"noopener noreferrer\">norma regulamentadora n\u00famero 7 (NR7)<\/a>, seja uma ferramenta para preservar a sa\u00fade, com avalia\u00e7\u00e3o do ambiente de trabalho e dos riscos que este t\u00eam para a sa\u00fade dos trabalhadores\u201d, disse a diretora executiva da Contraf-CUT, Eliana Brasil. \u201cSe a m\u00e9dia de adoecimento profissional na Caixa \u00e9 mais elevada do que a m\u00e9dia geral, este \u00e9 um sinal de que h\u00e1 algum problema que causa o adoecimento dos colegas\u201d, completou.<\/p>\n<p>Este \u00e9 apenas um dos temas que ser\u00e3o tratados na reuni\u00e3o entre a CEE e a Caixa para negociar a renova\u00e7\u00e3o do Acordo Coletivo de Trabalho (ACT) das empregadas e empregados do banco, que acontecer\u00e1 nesta sexta-feira (25). Mas a cereja do bolo deve ser o plano de sa\u00fade do pessoal do banco, o Sa\u00fade Caixa, devido aos in\u00fameros problemas que o envolvem, desde o atendimento prec\u00e1rio devido \u00e0 falta de m\u00e9dicos na rede credenciada em localidades mais afastadas dos grandes centros do pa\u00eds, \u00e0 manuten\u00e7\u00e3o do custeio do plano.<\/p>\n<p>Acompanhe as informa\u00e7\u00f5es sobre as negocia\u00e7\u00f5es com a Caixa nos sites e redes sociais da Contraf-CUT e das federa\u00e7\u00f5es e sindicatos associados.<\/p>\n<h2><strong>Composi\u00e7\u00e3o da CEE<\/strong><\/h2>\n<p><strong>Coordenador:<\/strong> Rafael Castro;<br \/><strong>Contraf:<\/strong> Eliana Brasil;<br \/><strong>Feeb\/BA-SE:<\/strong> Emanoel Souza e Marcelo de Oliveira;<br \/><strong>Fetec-CN:<\/strong> Antonio Abdan e Tatiane Oliveira;<br \/><strong>Fetrafi-MG:<\/strong> L\u00edvio Santos e Assis e Selim Oliveira;<br \/><strong>Fetrafi-NE:<\/strong> Chay C\u00e2ndida e Odaly Medeiros;<br \/><strong>Fetec-PR:<\/strong> Felipe Pacheco e Jo\u00e3o Paulo Pierozan;<br \/><strong>Federa-RJ:<\/strong> Rog\u00e9rio Campanate e Serginho Amorim;<br \/><strong>Fetraf-RJ\/ES:<\/strong> Lizandre Borges e Marcio Wanderley;<br \/><strong>Fetrafi-RS:<\/strong> Sabrina Muniz e Lucas Cunha;<br \/><strong>Fetrafi-SC:<\/strong> Edson Heemann e Eduardo Cesar:<br \/><strong>Fetec-SP:<\/strong> Vivian S\u00e1 e Hugo Saraiva;<br \/><strong>Feeb\/SP-MS:<\/strong> Tesifon Neto e Carlos Augusto Silva (Pipoca).<\/p>\n<p><i>Fonte: Contraf-CUT<\/i><br \/>\u00a0<\/p>\n","protected":false},"excerpt":{"rendered":"<p>A taxa de afastamentos para tratamento de sa\u00fade em decorr\u00eancia de acidentes de trabalho, ou doen\u00e7as profissionais das empregadas e empregados da Caixa Econ\u00f4mica Federal (6,2) \u00e9 mais de tr\u00eas vezes maior do que a taxa geral do mercado de trabalho (2,0), segundo dados do INSS. \u201cIsso quer dizer que a cada mil empregados, 6,2 [&hellip;]<\/p>\n","protected":false},"author":2,"featured_media":15577,"comment_status":"","ping_status":"","sticky":false,"template":"","format":"standard","meta":{"footnotes":""},"categories":[3],"tags":[],"class_list":["post-15578","post","type-post","status-publish","format-standard","has-post-thumbnail","hentry","category-noticias"],"_links":{"self":[{"href":"https:\/\/hostnetart.com.br\/baixada\/wp-json\/wp\/v2\/posts\/15578","targetHints":{"allow":["GET"]}}],"collection":[{"href":"https:\/\/hostnetart.com.br\/baixada\/wp-json\/wp\/v2\/posts"}],"about":[{"href":"https:\/\/hostnetart.com.br\/baixada\/wp-json\/wp\/v2\/types\/post"}],"author":[{"embeddable":true,"href":"https:\/\/hostnetart.com.br\/baixada\/wp-json\/wp\/v2\/users\/2"}],"replies":[{"embeddable":true,"href":"https:\/\/hostnetart.com.br\/baixada\/wp-json\/wp\/v2\/comments?post=15578"}],"version-history":[{"count":0,"href":"https:\/\/hostnetart.com.br\/baixada\/wp-json\/wp\/v2\/posts\/15578\/revisions"}],"wp:featuredmedia":[{"embeddable":true,"href":"https:\/\/hostnetart.com.br\/baixada\/wp-json\/wp\/v2\/media\/15577"}],"wp:attachment":[{"href":"https:\/\/hostnetart.com.br\/baixada\/wp-json\/wp\/v2\/media?parent=15578"}],"wp:term":[{"taxonomy":"category","embeddable":true,"href":"https:\/\/hostnetart.com.br\/baixada\/wp-json\/wp\/v2\/categories?post=15578"},{"taxonomy":"post_tag","embeddable":true,"href":"https:\/\/hostnetart.com.br\/baixada\/wp-json\/wp\/v2\/tags?post=15578"}],"curies":[{"name":"wp","href":"https:\/\/api.w.org\/{rel}","templated":true}]}}