{"id":15576,"date":"2024-07-24T14:46:51","date_gmt":"2024-07-24T17:46:51","guid":{"rendered":"https:\/\/hostnetart.com.br\/baixada\/sindicato-percorre-agencias-bancarias-do-lote-xv-para-alertar-sobre-saude-mental-e-condicoes-de-trabalho\/"},"modified":"2024-07-24T14:46:51","modified_gmt":"2024-07-24T17:46:51","slug":"sindicato-percorre-agencias-bancarias-do-lote-xv-para-alertar-sobre-saude-mental-e-condicoes-de-trabalho","status":"publish","type":"post","link":"https:\/\/hostnetart.com.br\/baixada\/sindicato-percorre-agencias-bancarias-do-lote-xv-para-alertar-sobre-saude-mental-e-condicoes-de-trabalho\/","title":{"rendered":"Sindicato percorre ag\u00eancias banc\u00e1rias do Lote XV para alertar sobre sa\u00fade mental e condi\u00e7\u00f5es de trabalho"},"content":{"rendered":"<p>Nesta quarta-feira, 24 de julho, o Sindicato dos Banc\u00e1rios da Baixada Fluminense percorreu ag\u00eancias do Lote XV, em Belford Roxo, para falar com banc\u00e1rias e banc\u00e1rios sobre o\u00a0&#8220;Dia Nacional de Luta #MenosMetasMaisSa\u00fade&#8221;.<\/p>\n<p>A a\u00e7\u00e3o foi realizada em todo o pa\u00eds, organizado pelo\u00a0movimento sindical, com o objetivo de pressionar os bancos contra a pr\u00e1tica de modelo de gest\u00e3o que vem afetando a sa\u00fade metal dos trabalhadores e trabalhadoras do setor.<\/p>\n<p>Al\u00e9m disso, as diretoras e diretores do Sindicato falaram sobre o andamento da Campanha Nacional dos Banc\u00e1rios 2024.<\/p>\n<p>O dia nacional de luta acontece um dia antes da quarta rodada de negocia\u00e7\u00f5es entre o Comando Nacional dos Banc\u00e1rios e a Comiss\u00e3o de Negocia\u00e7\u00f5es da Federa\u00e7\u00e3o Nacional dos Bancos (CN Fenaban), no \u00e2mbito da campanha nacional da categoria para a renova\u00e7\u00e3o da Conven\u00e7\u00e3o Coletiva de Trabalho (CCT). A pauta do encontro ser\u00e1 sa\u00fade e condi\u00e7\u00f5es de trabalho, com foco na pol\u00edtica de metas praticadas pelas empresas.<\/p>\n<p><strong>DADOS<\/strong><\/p>\n<p>Pesquisa \u201cAvalia\u00e7\u00e3o dos Modelos de Gest\u00e3o e das Patologias do Trabalho Banc\u00e1rio\u201d, realizada pela Secretaria de Sa\u00fade da Contraf-CUT, em colabora\u00e7\u00e3o com pesquisadores do Instituto de Psicologia da Universidade de Bras\u00edlia (UNB), e divulgada no final de 2024, revela que 80% dos trabalhadores banc\u00e1rios tiveram ao menos um problema de sa\u00fade relacionado ao trabalho no \u00faltimo ano. Destes, quase metade estavam em acompanhamento psiqui\u00e1trico.<\/p>\n<p>O principal motivo declarado para a busca de tratamento m\u00e9dico foi o trabalho. Entre os que estavam em acompanhamento psiqui\u00e1trico, 91,5% utilizavam medica\u00e7\u00f5es prescritas pelo psiquiatra, percentual que reduzia para 64,4% entre os que estavam em outros tipos de acompanhamento m\u00e9dico.<\/p>\n<p>Entre 2013 e 2020, foram registrados 20.192 afastamentos de banc\u00e1rios pelo INSS, com alta de 26,2% entre 2015 e 2020, percentual 1,7 vez acima do crescimento total de afastamentos registrados no pa\u00eds (de 15,4% no per\u00edodo), considerando todas as categorias. Em rela\u00e7\u00e3o ao total dos afastamentos acident\u00e1rios por doen\u00e7as mentais e comportamentais, os afastamentos de banc\u00e1rios correspondiam a 12% do total, em 2012, e a 25%, em 2022.<\/p>\n<p><em>*confira mais fotos em nossas redes sociais\u00a0<\/em><\/p>\n","protected":false},"excerpt":{"rendered":"<p>Nesta quarta-feira, 24 de julho, o Sindicato dos Banc\u00e1rios da Baixada Fluminense percorreu ag\u00eancias do Lote XV, em Belford Roxo, para falar com banc\u00e1rias e banc\u00e1rios sobre o\u00a0&#8220;Dia Nacional de Luta #MenosMetasMaisSa\u00fade&#8221;. A a\u00e7\u00e3o foi realizada em todo o pa\u00eds, organizado pelo\u00a0movimento sindical, com o objetivo de pressionar os bancos contra a pr\u00e1tica de modelo [&hellip;]<\/p>\n","protected":false},"author":2,"featured_media":15575,"comment_status":"","ping_status":"","sticky":false,"template":"","format":"standard","meta":{"footnotes":""},"categories":[3],"tags":[],"class_list":["post-15576","post","type-post","status-publish","format-standard","has-post-thumbnail","hentry","category-noticias"],"_links":{"self":[{"href":"https:\/\/hostnetart.com.br\/baixada\/wp-json\/wp\/v2\/posts\/15576","targetHints":{"allow":["GET"]}}],"collection":[{"href":"https:\/\/hostnetart.com.br\/baixada\/wp-json\/wp\/v2\/posts"}],"about":[{"href":"https:\/\/hostnetart.com.br\/baixada\/wp-json\/wp\/v2\/types\/post"}],"author":[{"embeddable":true,"href":"https:\/\/hostnetart.com.br\/baixada\/wp-json\/wp\/v2\/users\/2"}],"replies":[{"embeddable":true,"href":"https:\/\/hostnetart.com.br\/baixada\/wp-json\/wp\/v2\/comments?post=15576"}],"version-history":[{"count":0,"href":"https:\/\/hostnetart.com.br\/baixada\/wp-json\/wp\/v2\/posts\/15576\/revisions"}],"wp:featuredmedia":[{"embeddable":true,"href":"https:\/\/hostnetart.com.br\/baixada\/wp-json\/wp\/v2\/media\/15575"}],"wp:attachment":[{"href":"https:\/\/hostnetart.com.br\/baixada\/wp-json\/wp\/v2\/media?parent=15576"}],"wp:term":[{"taxonomy":"category","embeddable":true,"href":"https:\/\/hostnetart.com.br\/baixada\/wp-json\/wp\/v2\/categories?post=15576"},{"taxonomy":"post_tag","embeddable":true,"href":"https:\/\/hostnetart.com.br\/baixada\/wp-json\/wp\/v2\/tags?post=15576"}],"curies":[{"name":"wp","href":"https:\/\/api.w.org\/{rel}","templated":true}]}}