{"id":15572,"date":"2024-07-23T11:35:54","date_gmt":"2024-07-23T14:35:54","guid":{"rendered":"https:\/\/hostnetart.com.br\/baixada\/sindicato-dos-bancarios-da-baixada-fluminense-presente-no-iv-forum-brasil-uniao-europeia\/"},"modified":"2024-07-23T11:35:54","modified_gmt":"2024-07-23T14:35:54","slug":"sindicato-dos-bancarios-da-baixada-fluminense-presente-no-iv-forum-brasil-uniao-europeia","status":"publish","type":"post","link":"https:\/\/hostnetart.com.br\/baixada\/sindicato-dos-bancarios-da-baixada-fluminense-presente-no-iv-forum-brasil-uniao-europeia\/","title":{"rendered":"Sindicato dos Banc\u00e1rios da Baixada Fluminense presente no IV F\u00f3rum Brasil-Uni\u00e3o Europeia"},"content":{"rendered":"<p>As diretoras do <strong>Sindicato dos Banc\u00e1rios da Baixada Fluminense<\/strong>,\u00a0<strong>Renata Soeiro<\/strong> e <strong>Elizabeth Paradela<\/strong>, est\u00e3o representando a Federa\u00e7\u00e3o dos Trabalhadores do Ramo Financeiro dos Estados do Rio de Janeiro e Esp\u00edrito Santo (<strong>Fetraf RJ\/ES<\/strong>) no\u00a0<em><strong>IV F\u00f3rum Brasil-Uni\u00e3o Europeia<\/strong>: O Brasil e a Uni\u00e3o Europeia: Pol\u00edticas e economias nas transi\u00e7\u00f5es verde e digital para um desenvolvimento justo e inclusivo<\/em>, que acontece nestes\u00a0dias 22 e 23 de julho, no Hotel Copacabana Palace, no Rio de Janeiro.<\/p>\n<p>O evento \u00e9 organizado pela <strong>Funda\u00e7\u00e3o Euroamerica <\/strong>e pela<strong> Uni\u00e3o Europeia.<\/strong><\/p>\n<p>O F\u00f3rum ir\u00e1 debater igualmente as parcerias e investimentos analisando a import\u00e2ncia da coopera\u00e7\u00e3o internacional e do investimento privado. \u201cInclus\u00e3o social e econ\u00f4mica: Estrat\u00e9gias para uma distribui\u00e7\u00e3o equitativa dos benef\u00edcios das transi\u00e7\u00f5es.<\/p>\n<p>Este encontro \u00e9 crucial, sobretudo num momento em que quest\u00f5es ambientais e tecnol\u00f3gicas s\u00e3o centrais na formula\u00e7\u00e3o de pol\u00edticas p\u00fablicas e na condu\u00e7\u00e3o das economias globais.<\/p>\n<p>\u201cEvento super importante para que todas a partes envolvidas encontrem solu\u00e7\u00f5es e saibam enfrentar, da melhor maneira, os desafios atuais, promovendo sociedades e economias sustent\u00e1veis e competitivas.\u201d, comentou a Coordenadora Geral do Sindicato, Renata Soeiro.<\/p>\n<p><strong>O EVENTO<\/strong><\/p>\n<p>Brasil, maior economia da Am\u00e9rica Latina e nona do mundo, possui grandes recursos naturais com uma matriz energ\u00e9tica amplamente sustent\u00e1vel e um imenso mercado de consumo, exercendo um papel l\u00edder na regi\u00e3o com um peso cada vez maior nas institui\u00e7\u00f5es internacionais.<\/p>\n<p>Brasil \u00e9 membro do Mercosul, do Grupo BRICS, do F\u00f3rum IBAS, da Celac e da OEA, entre muitos outros. Atualmente, ocupa a presid\u00eancia do G20 com o lema \u201cConstruindo um mundo justo e um planeta sustent\u00e1vel\u201d.<\/p>\n<p>Apesar de n\u00e3o escapar da complexa situa\u00e7\u00e3o econ\u00f4mica internacional desde a pandemia, a evolu\u00e7\u00e3o de sua economia \u00e9 otimista, com crescimento do PIB, queda do desemprego e das taxas de juros, estabiliza\u00e7\u00e3o da infla\u00e7\u00e3o e balan\u00e7a comercial positiva.<\/p>\n<p>Destacam-se as reformas trabalhista, previdenci\u00e1ria e tribut\u00e1ria aprovadas nos \u00faltimos anos que devem impulsionar o crescimento do investimento externo. Com uma estrutura produtiva diversificada, o atual governo do presidente Lula da Silva apresentou um ambicioso plano de reindustrializa\u00e7\u00e3o do Brasil com o objetivo de promover, modernizar e diversificar sua ind\u00fastria com o uso da digitaliza\u00e7\u00e3o e da descarboniza\u00e7\u00e3o. Por seu lado, a Uni\u00e3o Europeia enfrenta os novos e importantes desafios do futuro atrav\u00e9s da sua tripla transi\u00e7\u00e3o digital, verde e social, para a qual procura aliados em outros pa\u00edses e regi\u00f5es do mundo.<\/p>\n<p>O Brasil, principal destino comercial da Uni\u00e3o Europeia na Am\u00e9rica Latina, \u00e9 considerado pela Europa como um parceiro estrat\u00e9gico, principalmente ap\u00f3s a assinatura do Acordo de Parceria Estrat\u00e9gica em 2007. A Uni\u00e3o Europeia, por outro lado, \u00e9 o maior parceiro comercial do Brasil.<\/p>\n<p>Essas e outras quest\u00f5es que afetam o presente e o futuro das rela\u00e7\u00f5es entre essas duas grandes regi\u00f5es do mundo ser\u00e3o analisadas e discutidas durante o IV F\u00f3rum Brasil-Uni\u00e3o Europeia que, organizado pela Funda\u00e7\u00e3o Euroam\u00e9rica e pela Uni\u00e3o Europeia, ser\u00e1 realizado no Rio de Janeiro, no hotel Copacabana Palace nos dias 22 e 23 de julho, com o t\u00edtulo \u201cO Brasil e a Uni\u00e3o Europeia: Pol\u00edticas e Economias nas Transi\u00e7\u00f5es Verde e Digital para um Desenvolvimento Justo e Inclusivo\u201d.<\/p>\n<p><b>Fonte: Fetraf RJ\/ES<\/b><\/p>\n","protected":false},"excerpt":{"rendered":"<p>As diretoras do Sindicato dos Banc\u00e1rios da Baixada Fluminense,\u00a0Renata Soeiro e Elizabeth Paradela, est\u00e3o representando a Federa\u00e7\u00e3o dos Trabalhadores do Ramo Financeiro dos Estados do Rio de Janeiro e Esp\u00edrito Santo (Fetraf RJ\/ES) no\u00a0IV F\u00f3rum Brasil-Uni\u00e3o Europeia: O Brasil e a Uni\u00e3o Europeia: Pol\u00edticas e economias nas transi\u00e7\u00f5es verde e digital para um desenvolvimento justo [&hellip;]<\/p>\n","protected":false},"author":2,"featured_media":15571,"comment_status":"","ping_status":"","sticky":false,"template":"","format":"standard","meta":{"footnotes":""},"categories":[3],"tags":[],"class_list":["post-15572","post","type-post","status-publish","format-standard","has-post-thumbnail","hentry","category-noticias"],"_links":{"self":[{"href":"https:\/\/hostnetart.com.br\/baixada\/wp-json\/wp\/v2\/posts\/15572","targetHints":{"allow":["GET"]}}],"collection":[{"href":"https:\/\/hostnetart.com.br\/baixada\/wp-json\/wp\/v2\/posts"}],"about":[{"href":"https:\/\/hostnetart.com.br\/baixada\/wp-json\/wp\/v2\/types\/post"}],"author":[{"embeddable":true,"href":"https:\/\/hostnetart.com.br\/baixada\/wp-json\/wp\/v2\/users\/2"}],"replies":[{"embeddable":true,"href":"https:\/\/hostnetart.com.br\/baixada\/wp-json\/wp\/v2\/comments?post=15572"}],"version-history":[{"count":0,"href":"https:\/\/hostnetart.com.br\/baixada\/wp-json\/wp\/v2\/posts\/15572\/revisions"}],"wp:featuredmedia":[{"embeddable":true,"href":"https:\/\/hostnetart.com.br\/baixada\/wp-json\/wp\/v2\/media\/15571"}],"wp:attachment":[{"href":"https:\/\/hostnetart.com.br\/baixada\/wp-json\/wp\/v2\/media?parent=15572"}],"wp:term":[{"taxonomy":"category","embeddable":true,"href":"https:\/\/hostnetart.com.br\/baixada\/wp-json\/wp\/v2\/categories?post=15572"},{"taxonomy":"post_tag","embeddable":true,"href":"https:\/\/hostnetart.com.br\/baixada\/wp-json\/wp\/v2\/tags?post=15572"}],"curies":[{"name":"wp","href":"https:\/\/api.w.org\/{rel}","templated":true}]}}