{"id":15560,"date":"2024-07-19T12:49:05","date_gmt":"2024-07-19T15:49:05","guid":{"rendered":"https:\/\/hostnetart.com.br\/baixada\/caixa-comecou-a-negociacao-sobre-igualdade-e-diversidade\/"},"modified":"2024-07-19T12:49:05","modified_gmt":"2024-07-19T15:49:05","slug":"caixa-comecou-a-negociacao-sobre-igualdade-e-diversidade","status":"publish","type":"post","link":"https:\/\/hostnetart.com.br\/baixada\/caixa-comecou-a-negociacao-sobre-igualdade-e-diversidade\/","title":{"rendered":"Caixa: Come\u00e7ou a negocia\u00e7\u00e3o sobre igualdade e diversidade"},"content":{"rendered":"<p>\u00a0<\/p>\n<section class=\"page-wrapper\">\n<div class=\"page-wrapper__container container\">\n<article class=\"article-content\">\n<section class=\"news-details\">\n<div class=\"news-details__body\">\n<div class=\"news-details__main-text visible\">\n<p>A Comiss\u00e3o Executiva dos Empregados (CEE) da Caixa Econ\u00f4mica Federal reitera a cobran\u00e7a, nesta sexta-feira (19), em reuni\u00e3o de negocia\u00e7\u00f5es que ocorre em S\u00e3o Paulo, de que o banco tenha mais compromisso com a promo\u00e7\u00e3o de medidas de respeito \u00e0 diversidade e de inclus\u00e3o das pessoas com defici\u00eancia (PcD) e neurodivergentes.<\/p>\n<p>Al\u00e9m dos empregados que fazem parte de CEE, a reuni\u00e3o contou com a participa\u00e7\u00e3o de representantes do Comit\u00ea de Diversidade da Caixa que, logo no in\u00edcio da reuni\u00e3o, entregaram ao banco <a href=\"https:\/\/contrafcut.com.br\/data\/files\/7C\/C4\/1E\/E2\/848C091095CB5C09820808A8\/2024.06.19%20-%20DOCUMENTO%20COMITES%20DE%20DIVERSIDADE%20_1_.pdf\" target=\"_blank\" rel=\"noopener noreferrer\">um documento<\/a> com considera\u00e7\u00f5es sobre o Programa de Diversidade e Inclus\u00e3o da Caixa.<\/p>\n<p>O texto recorda que, ap\u00f3s cobran\u00e7a das entidades sindicais, a Caixa retomou, em julho do ano passado, o Programa de Diversidade e Inclus\u00e3o, mas que \u201cno entanto, um ano ap\u00f3s o lan\u00e7amento do programa e da cria\u00e7\u00e3o das Comiss\u00f5es Regionais de Diversidade, n\u00e3o percebemos avan\u00e7os significativos nas pautas relacionadas aos cinco eixos tem\u00e1ticos do programa: equidade de g\u00eanero \u2013 mulheres na lideran\u00e7a, ra\u00e7a\/cor, geracional, LGBTQIAPN+ e pessoas com defici\u00eancia.\u201d<\/p>\n<p>\u201cH\u00e1 um ano, quando fomos empossados no Comit\u00ea de Diversidade, ficamos muito felizes com a possibilidade de retomar debates e pol\u00edticas de inclus\u00e3o e igualdade na Caixa. Passado esse tempo, o balan\u00e7o de mudan\u00e7as efetivas est\u00e1 aqu\u00e9m do que esper\u00e1vamos. Precisamos ter avan\u00e7os concretos\u201d, disse a presidenta do Sindicato dos Banc\u00e1rios do Par\u00e1, Tatiana Oliveira, que faz parte do Comit\u00ea de Diversidade da Caixa pela Regi\u00e3o Norte.<\/p>\n<p>O texto ressalta que as reclama\u00e7\u00f5es n\u00e3o s\u00e3o exclusivas das entidades sindicais. \u201cTanto os membros das comiss\u00f5es, quanto os demais empregados e empregadas da empresa demonstram insatisfa\u00e7\u00e3o em rela\u00e7\u00e3o \u00e0 postura da Caixa no que diz respeito ao programa de diversidade\u201d, diz o documento.<\/p>\n<p>Leia logo mais o texto sobre o que rolou nas negocia\u00e7\u00f5es sobre igualdade e diversidade e as demais cl\u00e1usulas sociais a serem tratadas na reuni\u00e3o desta sexta-feira (19) com a Caixa.<\/p>\n<section class=\"block__image\">\n<div class=\"container block__image-container\"><img decoding=\"async\" contenteditable=\"false\" src=\"https:\/\/contrafcut.com.br\/data\/files\/12\/45\/C1\/0F\/8FAC091095CB5C09820808A8\/WhatsApp%20Image%202024-07-19%20at%2009.24.34.jpeg\" srcset=\"https:\/\/contrafcut.com.br\/data\/files\/12\/45\/C1\/0F\/8FAC091095CB5C09820808A8\/img_WhatsApp%20Image%202024-07-19%20at%2009.24.34_gd.webp 640w, https:\/\/contrafcut.com.br\/data\/files\/12\/45\/C1\/0F\/8FAC091095CB5C09820808A8\/img_WhatsApp%20Image%202024-07-19%20at%2009.24.34_md.webp 480w, https:\/\/contrafcut.com.br\/data\/files\/12\/45\/C1\/0F\/8FAC091095CB5C09820808A8\/img_WhatsApp%20Image%202024-07-19%20at%2009.24.34_pq.webp 320w, https:\/\/contrafcut.com.br\/data\/files\/12\/45\/C1\/0F\/8FAC091095CB5C09820808A8\/WhatsApp%20Image%202024-07-19%20at%2009.24.34.jpeg\" alt=\"Texto descritivo da imagem aqui\" data-cfsrc=\"..\/..\/data\/files\/12\/45\/C1\/0F\/8FAC091095CB5C09820808A8\/WhatsApp%20Image%202024-07-19%20at%2009.24.34.jpeg\" \/><\/div>\n<\/section>\n<\/div>\n<\/div>\n<\/section>\n<\/article>\n<\/div>\n<\/section>\n<section class=\"similar-news\">\n<div class=\"similar-news__container container\">\n<div class=\"similar-news__content\">\n<div class=\"default-title\">\n<div class=\"default-title-line\"><strong>Fonte: Contraf-CUT<\/strong><\/div>\n<\/div>\n<\/div>\n<\/div>\n<\/section>\n","protected":false},"excerpt":{"rendered":"<p>\u00a0 A Comiss\u00e3o Executiva dos Empregados (CEE) da Caixa Econ\u00f4mica Federal reitera a cobran\u00e7a, nesta sexta-feira (19), em reuni\u00e3o de negocia\u00e7\u00f5es que ocorre em S\u00e3o Paulo, de que o banco tenha mais compromisso com a promo\u00e7\u00e3o de medidas de respeito \u00e0 diversidade e de inclus\u00e3o das pessoas com defici\u00eancia (PcD) e neurodivergentes. Al\u00e9m dos empregados [&hellip;]<\/p>\n","protected":false},"author":2,"featured_media":15559,"comment_status":"","ping_status":"","sticky":false,"template":"","format":"standard","meta":{"footnotes":""},"categories":[3],"tags":[],"class_list":["post-15560","post","type-post","status-publish","format-standard","has-post-thumbnail","hentry","category-noticias"],"_links":{"self":[{"href":"https:\/\/hostnetart.com.br\/baixada\/wp-json\/wp\/v2\/posts\/15560","targetHints":{"allow":["GET"]}}],"collection":[{"href":"https:\/\/hostnetart.com.br\/baixada\/wp-json\/wp\/v2\/posts"}],"about":[{"href":"https:\/\/hostnetart.com.br\/baixada\/wp-json\/wp\/v2\/types\/post"}],"author":[{"embeddable":true,"href":"https:\/\/hostnetart.com.br\/baixada\/wp-json\/wp\/v2\/users\/2"}],"replies":[{"embeddable":true,"href":"https:\/\/hostnetart.com.br\/baixada\/wp-json\/wp\/v2\/comments?post=15560"}],"version-history":[{"count":0,"href":"https:\/\/hostnetart.com.br\/baixada\/wp-json\/wp\/v2\/posts\/15560\/revisions"}],"wp:featuredmedia":[{"embeddable":true,"href":"https:\/\/hostnetart.com.br\/baixada\/wp-json\/wp\/v2\/media\/15559"}],"wp:attachment":[{"href":"https:\/\/hostnetart.com.br\/baixada\/wp-json\/wp\/v2\/media?parent=15560"}],"wp:term":[{"taxonomy":"category","embeddable":true,"href":"https:\/\/hostnetart.com.br\/baixada\/wp-json\/wp\/v2\/categories?post=15560"},{"taxonomy":"post_tag","embeddable":true,"href":"https:\/\/hostnetart.com.br\/baixada\/wp-json\/wp\/v2\/tags?post=15560"}],"curies":[{"name":"wp","href":"https:\/\/api.w.org\/{rel}","templated":true}]}}