{"id":1556,"date":"2013-10-04T00:00:00","date_gmt":"2013-10-04T03:00:00","guid":{"rendered":"https:\/\/hostnetart.com.br\/baixada\/comando-decide-reforcar-greve-e-fica-em-sp-a-disposicao-para-negociacao\/"},"modified":"2013-10-04T00:00:00","modified_gmt":"2013-10-04T03:00:00","slug":"comando-decide-reforcar-greve-e-fica-em-sp-a-disposicao-para-negociacao","status":"publish","type":"post","link":"https:\/\/hostnetart.com.br\/baixada\/comando-decide-reforcar-greve-e-fica-em-sp-a-disposicao-para-negociacao\/","title":{"rendered":"Comando decide refor\u00e7ar greve e fica em SP \u00e0 disposi\u00e7\u00e3o para negocia\u00e7\u00e3o"},"content":{"rendered":"<p>A greve nacional dos banc\u00e1rios continua crescendo em todo o pa\u00eds. No 15\u00ba dia, foram fechados nesta quinta-feira 3 de outubro 11.406 ag\u00eancias e centros administrativos. Reunido em S\u00e3o Paulo para avaliar as duas primeiras semanas de paralisa\u00e7\u00e3o, o Comando Nacional dos Banc\u00e1rios, coordenado pela Contraf-CUT, orientou os sindicatos a fortalecerem ainda mais o movimento para pressionar os bancos a apresentarem uma nova proposta e decidiu permanecer na capital paulista \u00e0 disposi\u00e7\u00e3o para a retomada das negocia\u00e7\u00f5es com os bancos.<\/p>\n<p>\u00a0<br \/>\u201cEssa \u00e9 uma demonstra\u00e7\u00e3o de nossa disposi\u00e7\u00e3o de dialogar. Estamos cobrando dos bancos que reabram o processo de negocia\u00e7\u00e3o e apresentem uma nova proposta aos banc\u00e1rios que contemple as reivindica\u00e7\u00f5es por aumento real, valoriza\u00e7\u00e3o do piso, PLR melhor, prote\u00e7\u00e3o do emprego, condi\u00e7\u00f5es de trabalho mais dignas, seguran\u00e7a e igualdade de oportunidades\u201d, afirma Carlos Cordeiro, presidente da Contraf-CUT e coordenador do Comando Nacional.<\/p>\n<p>\u00a0<br \/>A \u00fanica proposta apresentada pelos bancos at\u00e9 agora foi no dia 5 de setembro, h\u00e1 quase um m\u00eas, estabelece reajuste de 6,1%, que apenas rep\u00f5e a infla\u00e7\u00e3o do per\u00edodo pelo INPC e ignora as demais reivindica\u00e7\u00f5es econ\u00f4micas e sociais. A proposta foi rejeitada pelos banc\u00e1rios em assembleias realizadas em todo o pa\u00eds no dia 12.<\/p>\n<p>\u00a0<br \/>A greve foi deflagrada no dia 19 de setembro, quando os banc\u00e1rios fecharam 6.145 ag\u00eancias e centros administrativos em todo o pa\u00eds. O movimento vem se ampliando dia ap\u00f3s dia, atingindo 11.406 depend\u00eancias nesta quinta-feira 3, o 15\u00ba dia de paralisa\u00e7\u00e3o \u2013 um crescimento de 85,6% nesse per\u00edodo.<\/p>\n<p>\u00a0<br \/>O Comando Nacional representa 143 sindicatos e 10 federa\u00e7\u00f5es de todo pa\u00eds, totalizando mais de 95% dos banc\u00e1rios de todo Brasil. Al\u00e9m das entidades integrantes, participam como convidados os coordenadores das comiss\u00f5es de empresas dos trabalhadores dos bancos p\u00fablicos federais.<\/p>\n<p>\u00a0<br \/><strong>As principais reivindica\u00e7\u00f5es dos banc\u00e1rios<\/strong><\/p>\n<p>\u00a0<br \/>&gt; Reajuste salarial de 11,93% (5% de aumento real al\u00e9m da infla\u00e7\u00e3o)<\/p>\n<p>&gt; PLR: tr\u00eas sal\u00e1rios mais R$ 5.553,15.<\/p>\n<p>&gt; Piso: R$ 2.860,21 (sal\u00e1rio m\u00ednimo do Dieese).<\/p>\n<p>&gt; Aux\u00edlios alimenta\u00e7\u00e3o, refei\u00e7\u00e3o, 13\u00aa cesta e aux\u00edlio-creche\/bab\u00e1: R$ 678 ao m\u00eas para cada (sal\u00e1rio m\u00ednimo nacional).<\/p>\n<p>&gt; Melhores condi\u00e7\u00f5es de trabalho, com o fim das metas abusivas e do ass\u00e9dio moral que adoece os banc\u00e1rios.<\/p>\n<p>&gt; Emprego: fim das demiss\u00f5es, mais contrata\u00e7\u00f5es, aumento da inclus\u00e3o banc\u00e1ria, combate \u00e0s terceiriza\u00e7\u00f5es, especialmente ao PL 4330 que precariza as condi\u00e7\u00f5es de trabalho, al\u00e9m da aplica\u00e7\u00e3o da Conven\u00e7\u00e3o 158 da OIT, que pro\u00edbe as dispensas imotivadas.<\/p>\n<p>&gt; Plano de Cargos, Carreiras e Sal\u00e1rios (PCCS) para todos os banc\u00e1rios.<\/p>\n<p>&gt; Aux\u00edlio-educa\u00e7\u00e3o: pagamento para gradua\u00e7\u00e3o e p\u00f3s-gradua\u00e7\u00e3o.<\/p>\n<p>&gt; Preven\u00e7\u00e3o contra assaltos e sequestros, com o fim da guarda das chaves de cofres e ag\u00eancias por banc\u00e1rios.<\/p>\n<p>&gt; Igualdade de oportunidades para banc\u00e1rios e banc\u00e1rias, com a contrata\u00e7\u00e3o de pelo menos 20% de negros e negras.<\/p>\n<p>\u00a0<br \/>Fonte: Contraf-CUT<\/p>\n","protected":false},"excerpt":{"rendered":"<p>A greve nacional dos banc\u00e1rios continua crescendo em todo o pa\u00eds. No 15\u00ba dia, foram fechados nesta quinta-feira 3 de outubro 11.406 ag\u00eancias e centros administrativos. Reunido em S\u00e3o Paulo para avaliar as duas primeiras semanas de paralisa\u00e7\u00e3o, o Comando Nacional dos Banc\u00e1rios, coordenado pela Contraf-CUT, orientou os sindicatos a fortalecerem ainda mais o movimento [&hellip;]<\/p>\n","protected":false},"author":1,"featured_media":0,"comment_status":"","ping_status":"","sticky":false,"template":"","format":"standard","meta":{"footnotes":""},"categories":[3],"tags":[],"class_list":["post-1556","post","type-post","status-publish","format-standard","hentry","category-noticias"],"_links":{"self":[{"href":"https:\/\/hostnetart.com.br\/baixada\/wp-json\/wp\/v2\/posts\/1556","targetHints":{"allow":["GET"]}}],"collection":[{"href":"https:\/\/hostnetart.com.br\/baixada\/wp-json\/wp\/v2\/posts"}],"about":[{"href":"https:\/\/hostnetart.com.br\/baixada\/wp-json\/wp\/v2\/types\/post"}],"author":[{"embeddable":true,"href":"https:\/\/hostnetart.com.br\/baixada\/wp-json\/wp\/v2\/users\/1"}],"replies":[{"embeddable":true,"href":"https:\/\/hostnetart.com.br\/baixada\/wp-json\/wp\/v2\/comments?post=1556"}],"version-history":[{"count":0,"href":"https:\/\/hostnetart.com.br\/baixada\/wp-json\/wp\/v2\/posts\/1556\/revisions"}],"wp:attachment":[{"href":"https:\/\/hostnetart.com.br\/baixada\/wp-json\/wp\/v2\/media?parent=1556"}],"wp:term":[{"taxonomy":"category","embeddable":true,"href":"https:\/\/hostnetart.com.br\/baixada\/wp-json\/wp\/v2\/categories?post=1556"},{"taxonomy":"post_tag","embeddable":true,"href":"https:\/\/hostnetart.com.br\/baixada\/wp-json\/wp\/v2\/tags?post=1556"}],"curies":[{"name":"wp","href":"https:\/\/api.w.org\/{rel}","templated":true}]}}