{"id":15554,"date":"2024-07-19T12:45:45","date_gmt":"2024-07-19T15:45:45","guid":{"rendered":"https:\/\/hostnetart.com.br\/baixada\/os-funcionarios-da-nubank-financeiras-merecem-mais\/"},"modified":"2024-07-19T12:45:45","modified_gmt":"2024-07-19T15:45:45","slug":"os-funcionarios-da-nubank-financeiras-merecem-mais","status":"publish","type":"post","link":"https:\/\/hostnetart.com.br\/baixada\/os-funcionarios-da-nubank-financeiras-merecem-mais\/","title":{"rendered":"Os funcion\u00e1rios da Nubank Financeiras merecem mais"},"content":{"rendered":"<\/p>\n<p>O Coletivo Nacional dos Financi\u00e1rios da Contraf-CUT est\u00e1 em negocia\u00e7\u00e3o com a Associa\u00e7\u00e3o Nacional das Institui\u00e7\u00f5es de Cr\u00e9dito, Financiamento e Investimento (Acrefi) para a renova\u00e7\u00e3o da Conven\u00e7\u00e3o Coletiva de Trabalho. Amanh\u00e3, sexta-feira (19), ocorrer\u00e1 a terceira rodada de negocia\u00e7\u00e3o da Campanha Nacional 2024, que abordar\u00e1 temas cruciais de Sa\u00fade e Seguran\u00e7a.<\/p>\n<p>No entanto, uma situa\u00e7\u00e3o inesperada surgiu: o Nubank, que possui representa\u00e7\u00e3o na Comiss\u00e3o de Negocia\u00e7\u00e3o da Acrefi, decidiu unilateralmente antecipar um reajuste salarial de 4,37% para seus empregados, sem qualquer comunica\u00e7\u00e3o pr\u00e9via na mesa de negocia\u00e7\u00e3o. Esta a\u00e7\u00e3o ser\u00e1 discutida na reuni\u00e3o agendada para amanh\u00e3.<\/p>\n<p>A data-base dos financi\u00e1rios \u00e9 1\u00ba de junho, e devido ao impasse na mesa de negocia\u00e7\u00e3o da Acrefi, assim como a press\u00e3o exercida pelas entidades sindicais e pelos trabalhadores, a diretoria do Nubank decidiu aplicar a infla\u00e7\u00e3o do per\u00edodo de junho de 2023 a maio de 2024, acrescida de um aumento real de 1%. O Coletivo dos Financi\u00e1rios entregou a pauta \u00e0 Acrefi em 6 de junho, com um reajuste salarial de infla\u00e7\u00e3o mais 5% de aumento real, al\u00e9m de melhorias nos valores dos benef\u00edcios e outras cl\u00e1usulas sociais.<\/p>\n<p>O coordenador do Coletivo, Jair Alves, explicou que a antecipa\u00e7\u00e3o do reajuste salarial pela Nubank foi feita sem a participa\u00e7\u00e3o nas negocia\u00e7\u00f5es coletivas conduzidas pela Acrefi, o que levanta preocupa\u00e7\u00f5es sobre a falta de alinhamento com as diretrizes negociadas coletivamente. \u201cO Coletivo Nacional dos Financi\u00e1rios busca conquistar reajustes maiores e melhores condi\u00e7\u00f5es de trabalho para os empregados do Nubank e das demais financeiras do pa\u00eds. A postura do Nubank, embora surpreendente, pode ser entendida como uma resposta \u00e0 intensa press\u00e3o sindical nos locais de trabalho, que tem reconhecido a import\u00e2ncia das negocia\u00e7\u00f5es coletivas para grandes conquistas dos trabalhadores. Nosso objetivo \u00e9 garantir um reajuste ainda maior, com melhores benef\u00edcios e avan\u00e7os em cl\u00e1usulas sociais, estabelecendo um acordo de dois anos.\u201d<\/p>\n<p>A reivindica\u00e7\u00e3o \u00e9 baseada na premissa de que o Nubank est\u00e1 na mesa de negocia\u00e7\u00e3o da Acrefi e deve atender as reivindica\u00e7\u00f5es do Coletivo de Financi\u00e1rios, conforme pauta entregue, especialmente por ser uma das institui\u00e7\u00f5es financeiras mais destacadas recentemente no pa\u00eds. \u201cA busca por melhores condi\u00e7\u00f5es salariais e benef\u00edcios valoriza o trabalho e dedica\u00e7\u00e3o dos empregados, fundamentais para o sucesso cont\u00ednuo da empresa\u201d, completou Magaly Fagundes, secret\u00e1ria de Organiza\u00e7\u00e3o do Ramo Financeiro e Pol\u00edtica Sindical da Contraf-CUT.<\/p>\n<p>A aus\u00eancia de di\u00e1logo para a decis\u00e3o de reajuste demonstra que o Nubank n\u00e3o est\u00e1 alinhado \u00e0s diretrizes da Acrefi. O Coletivo Nacional dos Financi\u00e1rios argumenta que \u00e9 crucial que todas as institui\u00e7\u00f5es financeiras sigam um padr\u00e3o uniforme de negocia\u00e7\u00e3o para garantir justi\u00e7a e equidade no tratamento dos trabalhadores do setor. \u201cAs negocia\u00e7\u00f5es continuar\u00e3o com foco em assegurar um reajuste salarial justo e a formaliza\u00e7\u00e3o de um acordo de longo prazo que traga seguran\u00e7a e estabilidade para todos os empregados das institui\u00e7\u00f5es financeiras, inclusive Nubank\u201d, garantiu Jair Alves.<\/p>\n<p>\u201cA luta por melhores condi\u00e7\u00f5es salariais e benef\u00edcios \u00e9 uma quest\u00e3o central para o Coletivo Nacional dos Financi\u00e1rios, que continuar\u00e1 a pressionar por acordos justos e alinhados com as necessidades dos funcion\u00e1rios. A mobiliza\u00e7\u00e3o e a uni\u00e3o dos trabalhadores ser\u00e3o fundamentais para alcan\u00e7ar esses objetivos e garantir um futuro melhor para todos\u201d, finalizou Magaly.<\/p>\n<p><strong>Fonte: Contraf-CUT<\/strong><\/p>\n","protected":false},"excerpt":{"rendered":"<p>O Coletivo Nacional dos Financi\u00e1rios da Contraf-CUT est\u00e1 em negocia\u00e7\u00e3o com a Associa\u00e7\u00e3o Nacional das Institui\u00e7\u00f5es de Cr\u00e9dito, Financiamento e Investimento (Acrefi) para a renova\u00e7\u00e3o da Conven\u00e7\u00e3o Coletiva de Trabalho. Amanh\u00e3, sexta-feira (19), ocorrer\u00e1 a terceira rodada de negocia\u00e7\u00e3o da Campanha Nacional 2024, que abordar\u00e1 temas cruciais de Sa\u00fade e Seguran\u00e7a. No entanto, uma situa\u00e7\u00e3o [&hellip;]<\/p>\n","protected":false},"author":2,"featured_media":15553,"comment_status":"","ping_status":"","sticky":false,"template":"","format":"standard","meta":{"footnotes":""},"categories":[3],"tags":[],"class_list":["post-15554","post","type-post","status-publish","format-standard","has-post-thumbnail","hentry","category-noticias"],"_links":{"self":[{"href":"https:\/\/hostnetart.com.br\/baixada\/wp-json\/wp\/v2\/posts\/15554","targetHints":{"allow":["GET"]}}],"collection":[{"href":"https:\/\/hostnetart.com.br\/baixada\/wp-json\/wp\/v2\/posts"}],"about":[{"href":"https:\/\/hostnetart.com.br\/baixada\/wp-json\/wp\/v2\/types\/post"}],"author":[{"embeddable":true,"href":"https:\/\/hostnetart.com.br\/baixada\/wp-json\/wp\/v2\/users\/2"}],"replies":[{"embeddable":true,"href":"https:\/\/hostnetart.com.br\/baixada\/wp-json\/wp\/v2\/comments?post=15554"}],"version-history":[{"count":0,"href":"https:\/\/hostnetart.com.br\/baixada\/wp-json\/wp\/v2\/posts\/15554\/revisions"}],"wp:featuredmedia":[{"embeddable":true,"href":"https:\/\/hostnetart.com.br\/baixada\/wp-json\/wp\/v2\/media\/15553"}],"wp:attachment":[{"href":"https:\/\/hostnetart.com.br\/baixada\/wp-json\/wp\/v2\/media?parent=15554"}],"wp:term":[{"taxonomy":"category","embeddable":true,"href":"https:\/\/hostnetart.com.br\/baixada\/wp-json\/wp\/v2\/categories?post=15554"},{"taxonomy":"post_tag","embeddable":true,"href":"https:\/\/hostnetart.com.br\/baixada\/wp-json\/wp\/v2\/tags?post=15554"}],"curies":[{"name":"wp","href":"https:\/\/api.w.org\/{rel}","templated":true}]}}