{"id":15548,"date":"2024-07-18T14:54:01","date_gmt":"2024-07-18T17:54:01","guid":{"rendered":"https:\/\/hostnetart.com.br\/baixada\/ccj-do-senado-adia-pec-que-coloca-banco-central-nas-maos-do-mercado\/"},"modified":"2024-07-18T14:54:01","modified_gmt":"2024-07-18T17:54:01","slug":"ccj-do-senado-adia-pec-que-coloca-banco-central-nas-maos-do-mercado","status":"publish","type":"post","link":"https:\/\/hostnetart.com.br\/baixada\/ccj-do-senado-adia-pec-que-coloca-banco-central-nas-maos-do-mercado\/","title":{"rendered":"CCJ do Senado adia PEC que coloca Banco Central nas m\u00e3os do mercado"},"content":{"rendered":"<p>A Comiss\u00e3o de Constitui\u00e7\u00e3o e Justi\u00e7a do Senado adiou a vota\u00e7\u00e3o do relat\u00f3rio da Proposta de Emenda \u00e0 Constitui\u00e7\u00e3o\u00a0<a href=\"https:\/\/www25.senado.leg.br\/web\/atividade\/materias\/-\/materia\/161269\" target=\"_blank\" rel=\"noopener noreferrer\">(PEC) 65\/2023<\/a>, que concede autonomia or\u00e7ament\u00e1ria e financeira ao Banco Central (BC) e o transforma em empresa p\u00fablica. A vota\u00e7\u00e3o, que estava pautada para esta quarta-feira (17) deve ocorrer somente depois do recesso parlamentar.<\/p>\n<p>O adiamento se deu devido \u00e0 tentativa de se chegar a um relat\u00f3rio de consenso, segundo o senador Pl\u00ednio Val\u00e9rio (PSDB-AM).<\/p>\n<p>\u201cN\u00e3o h\u00e1 consenso e nem deve haver. Temos que definir nossas estrat\u00e9gias para ajustar nossa luta para derrotar essa PEC\u201d, disse o secret\u00e1rio de Rela\u00e7\u00e3o do Trabalho e respons\u00e1vel da Confedera\u00e7\u00e3o Nacional dos Trabalhadores do Ramo Financeiro (Contraf-CUT) pelo acompanhamento das pautas de interesse dos trabalhadores que tramitam no Congresso Nacional, Jeferson Meira, o Jef\u00e3o. \u201cTemos uma tarefa dif\u00edcil, mas n\u00e3o imposs\u00edvel. E vale muito o esfor\u00e7o, com atos e intensifica\u00e7\u00e3o da luta nas bases para evitar a aprova\u00e7\u00e3o desta PEC do jeito que est\u00e1. Se este relat\u00f3rio for aprovado sem altera\u00e7\u00f5es, o Banco Central estar\u00e1, definitivamente, nas m\u00e3os do mercado, do sistema financeiro. Teremos um Banco Central independente do povo brasileiro e totalmente dependente do mercado\u201d, completou.<\/p>\n<p>Para Jef\u00e3o, existem diversos argumentos pela rejei\u00e7\u00e3o da PEC, como os seis apresentados no\u00a0<a href=\"https:\/\/legis.senado.leg.br\/sdleg-getter\/documento?dm=9698692&amp;ts=1721220948319&amp;disposition=inline\" target=\"_blank\" rel=\"noopener noreferrer\">voto em separado<\/a>\u00a0do senador Rog\u00e9rio Carvalho (PT-SE), entre eles a \u201cincompatibilidade entre o modelo de empresa p\u00fablica e as atribui\u00e7\u00f5es t\u00edpicas de Estado exercidas pelo BCB\u201d. Para o senador, o ordenamento jur\u00eddico brasileiro define que \u201catividades t\u00edpicas de Estado s\u00e3o desempenhadas sob regime de direito p\u00fablico&#8221;, e &#8220;empresa p\u00fablica \u00e9 entidade com personalidade jur\u00eddica de direito privado&#8221;.<\/p>\n<p><strong>Pr\u00f3ximos passos<\/strong><\/p>\n<p>A proposta, que tramita na Casa h\u00e1 cerca de seis meses, recebeu voto favor\u00e1vel de Pl\u00ednio Val\u00e9rio, na forma de um texto alternativo. Depois da CCJ, a mat\u00e9ria seguir\u00e1 para dois turnos de vota\u00e7\u00e3o no Plen\u00e1rio do Senado, onde precisar\u00e1 de 49 votos favor\u00e1veis em cada um deles para ser aprovada.<\/p>\n<p>A PEC 65\/2023 insere na Constitui\u00e7\u00e3o a autonomia t\u00e9cnica, operacional, administrativa e financeira do Banco Central, j\u00e1 estabelecida pela\u00a0<a href=\"https:\/\/www.planalto.gov.br\/ccivil_03\/leis\/lcp\/lcp179.htm\" target=\"_blank\" rel=\"noopener noreferrer\">Lei Complementar 179, de 2021<\/a>, e acrescenta a autonomia or\u00e7ament\u00e1ria. Al\u00e9m disso, transforma o BC (hoje autarquia de natureza especial sem vincula\u00e7\u00e3o com nenhum minist\u00e9rio nem subordina\u00e7\u00e3o hier\u00e1rquica) em institui\u00e7\u00e3o de natureza especial organizada como empresa p\u00fablica fiscalizada pelo Congresso Nacional com o aux\u00edlio do Tribunal de Contas da Uni\u00e3o (TCU).\u00a0<\/p>\n<p>Com\u00a0<a href=\"https:\/\/www12.senado.leg.br\/noticias\/materias\/2024\/07\/17\/pec-que-da-autonomia-ao-banco-central-volta-a-pauta-da-ccj-apos-recesso\" target=\"_blank\" rel=\"noopener noreferrer\">informa\u00e7\u00f5es da Ag\u00eancia Senado<\/a>.<\/p>\n<p><strong>Fonte: Contraf-CUT<\/strong><\/p>\n","protected":false},"excerpt":{"rendered":"<p>A Comiss\u00e3o de Constitui\u00e7\u00e3o e Justi\u00e7a do Senado adiou a vota\u00e7\u00e3o do relat\u00f3rio da Proposta de Emenda \u00e0 Constitui\u00e7\u00e3o\u00a0(PEC) 65\/2023, que concede autonomia or\u00e7ament\u00e1ria e financeira ao Banco Central (BC) e o transforma em empresa p\u00fablica. A vota\u00e7\u00e3o, que estava pautada para esta quarta-feira (17) deve ocorrer somente depois do recesso parlamentar. O adiamento se [&hellip;]<\/p>\n","protected":false},"author":2,"featured_media":15547,"comment_status":"","ping_status":"","sticky":false,"template":"","format":"standard","meta":{"footnotes":""},"categories":[3],"tags":[],"class_list":["post-15548","post","type-post","status-publish","format-standard","has-post-thumbnail","hentry","category-noticias"],"_links":{"self":[{"href":"https:\/\/hostnetart.com.br\/baixada\/wp-json\/wp\/v2\/posts\/15548","targetHints":{"allow":["GET"]}}],"collection":[{"href":"https:\/\/hostnetart.com.br\/baixada\/wp-json\/wp\/v2\/posts"}],"about":[{"href":"https:\/\/hostnetart.com.br\/baixada\/wp-json\/wp\/v2\/types\/post"}],"author":[{"embeddable":true,"href":"https:\/\/hostnetart.com.br\/baixada\/wp-json\/wp\/v2\/users\/2"}],"replies":[{"embeddable":true,"href":"https:\/\/hostnetart.com.br\/baixada\/wp-json\/wp\/v2\/comments?post=15548"}],"version-history":[{"count":0,"href":"https:\/\/hostnetart.com.br\/baixada\/wp-json\/wp\/v2\/posts\/15548\/revisions"}],"wp:featuredmedia":[{"embeddable":true,"href":"https:\/\/hostnetart.com.br\/baixada\/wp-json\/wp\/v2\/media\/15547"}],"wp:attachment":[{"href":"https:\/\/hostnetart.com.br\/baixada\/wp-json\/wp\/v2\/media?parent=15548"}],"wp:term":[{"taxonomy":"category","embeddable":true,"href":"https:\/\/hostnetart.com.br\/baixada\/wp-json\/wp\/v2\/categories?post=15548"},{"taxonomy":"post_tag","embeddable":true,"href":"https:\/\/hostnetart.com.br\/baixada\/wp-json\/wp\/v2\/tags?post=15548"}],"curies":[{"name":"wp","href":"https:\/\/api.w.org\/{rel}","templated":true}]}}