{"id":15546,"date":"2024-07-17T18:01:50","date_gmt":"2024-07-17T21:01:50","guid":{"rendered":"https:\/\/hostnetart.com.br\/baixada\/santander-muda-bandeira-de-va-e-vr-e-coe-cobra-que-bancarios-nao-sejam-prejudicados\/"},"modified":"2024-07-17T18:01:50","modified_gmt":"2024-07-17T21:01:50","slug":"santander-muda-bandeira-de-va-e-vr-e-coe-cobra-que-bancarios-nao-sejam-prejudicados","status":"publish","type":"post","link":"https:\/\/hostnetart.com.br\/baixada\/santander-muda-bandeira-de-va-e-vr-e-coe-cobra-que-bancarios-nao-sejam-prejudicados\/","title":{"rendered":"Santander muda bandeira de VA e VR e COE cobra que banc\u00e1rios n\u00e3o sejam prejudicados"},"content":{"rendered":"<p>O Santander mudou a bandeira dos cart\u00f5es de Vale-alimenta\u00e7\u00e3o (VA) e Vale-refei\u00e7\u00e3o (VR) dos funcion\u00e1rios. O banco informou que a medida, tomada de forma unilateral, sem negocia\u00e7\u00e3o com o movimento sindical, ocorreu devido \u00e0 venda da empresa Ben, que pertencia ao grupo Santander e era respons\u00e1vel pela bandeira do cart\u00e3o. Agora, a nova bandeira ser\u00e1 a Pluxee (antiga Sodexo), que comprou a Ben.<\/p>\n<p>A Comiss\u00e3o de Organiza\u00e7\u00e3o dos Empregados (COE) do Santander cobrou que a mudan\u00e7a de bandeira n\u00e3o prejudique os funcion\u00e1rios e a manuten\u00e7\u00e3o dos empregos dos trabalhadores e trabalhadoras da Ben.<\/p>\n<p>O Santander informou que n\u00e3o haver\u00e1 preju\u00edzos para os banc\u00e1rios. Os funcion\u00e1rios foram informados pelo banco da necessidade de atualizarem seus endere\u00e7os, caso tenham se mudado desde a entrega do \u00faltimo cart\u00e3o. Isso \u00e9 necess\u00e1rio para que o novo cart\u00e3o chegue no endere\u00e7o atual. Os empregados devem fazer essa atualiza\u00e7\u00e3o de endere\u00e7o at\u00e9 esta quinta-feira (18), pelo app da Pluxee, que foi enviado pela empresa por SMS e para o e-mail dos trabalhadores. Ainda segundo o banco, o novo cart\u00e3o e o cr\u00e9dito j\u00e1 estar\u00e3o dispon\u00edveis a partir de agosto.<\/p>\n<p>\u201cCobramos do banco que toda a mudan\u00e7a seja feita em tempo h\u00e1bil para que os trabalhadores n\u00e3o sejam prejudicados. Tamb\u00e9m manifestamos nossa preocupa\u00e7\u00e3o em rela\u00e7\u00e3o aos empregos dos trabalhadores da Ben. Vamos continuar atentos em todo o processo e pedimos que os banc\u00e1rios e banc\u00e1rias, que tiverem algum problema com os novos cart\u00f5es, n\u00e3o hesitem em procurar o Sindicato\u201d, destaca Wanessa de Queiroz, coordenadora da COE Santander.<\/p>\n<p><strong>Fonte: Contraf-CUT<\/strong><\/p>\n","protected":false},"excerpt":{"rendered":"<p>O Santander mudou a bandeira dos cart\u00f5es de Vale-alimenta\u00e7\u00e3o (VA) e Vale-refei\u00e7\u00e3o (VR) dos funcion\u00e1rios. O banco informou que a medida, tomada de forma unilateral, sem negocia\u00e7\u00e3o com o movimento sindical, ocorreu devido \u00e0 venda da empresa Ben, que pertencia ao grupo Santander e era respons\u00e1vel pela bandeira do cart\u00e3o. Agora, a nova bandeira ser\u00e1 [&hellip;]<\/p>\n","protected":false},"author":2,"featured_media":15545,"comment_status":"","ping_status":"","sticky":false,"template":"","format":"standard","meta":{"footnotes":""},"categories":[3],"tags":[],"class_list":["post-15546","post","type-post","status-publish","format-standard","has-post-thumbnail","hentry","category-noticias"],"_links":{"self":[{"href":"https:\/\/hostnetart.com.br\/baixada\/wp-json\/wp\/v2\/posts\/15546","targetHints":{"allow":["GET"]}}],"collection":[{"href":"https:\/\/hostnetart.com.br\/baixada\/wp-json\/wp\/v2\/posts"}],"about":[{"href":"https:\/\/hostnetart.com.br\/baixada\/wp-json\/wp\/v2\/types\/post"}],"author":[{"embeddable":true,"href":"https:\/\/hostnetart.com.br\/baixada\/wp-json\/wp\/v2\/users\/2"}],"replies":[{"embeddable":true,"href":"https:\/\/hostnetart.com.br\/baixada\/wp-json\/wp\/v2\/comments?post=15546"}],"version-history":[{"count":0,"href":"https:\/\/hostnetart.com.br\/baixada\/wp-json\/wp\/v2\/posts\/15546\/revisions"}],"wp:featuredmedia":[{"embeddable":true,"href":"https:\/\/hostnetart.com.br\/baixada\/wp-json\/wp\/v2\/media\/15545"}],"wp:attachment":[{"href":"https:\/\/hostnetart.com.br\/baixada\/wp-json\/wp\/v2\/media?parent=15546"}],"wp:term":[{"taxonomy":"category","embeddable":true,"href":"https:\/\/hostnetart.com.br\/baixada\/wp-json\/wp\/v2\/categories?post=15546"},{"taxonomy":"post_tag","embeddable":true,"href":"https:\/\/hostnetart.com.br\/baixada\/wp-json\/wp\/v2\/tags?post=15546"}],"curies":[{"name":"wp","href":"https:\/\/api.w.org\/{rel}","templated":true}]}}