{"id":15544,"date":"2024-07-17T16:53:56","date_gmt":"2024-07-17T19:53:56","guid":{"rendered":"https:\/\/hostnetart.com.br\/baixada\/empregados-cobram-mesa-de-negociacoes-sobre-a-funcef\/"},"modified":"2024-07-17T16:53:56","modified_gmt":"2024-07-17T19:53:56","slug":"empregados-cobram-mesa-de-negociacoes-sobre-a-funcef","status":"publish","type":"post","link":"https:\/\/hostnetart.com.br\/baixada\/empregados-cobram-mesa-de-negociacoes-sobre-a-funcef\/","title":{"rendered":"Empregados cobram mesa de negocia\u00e7\u00f5es sobre a Funcef"},"content":{"rendered":"<p>A Confedera\u00e7\u00e3o Nacional dos Trabalhadores do Ramo Financeiro (Contraf-CUT) enviou, nesta quarta-feira (17), um of\u00edcio \u00e0 Caixa Econ\u00f4mica Federal cobrando que seja realizada uma mesa de negocia\u00e7\u00e3o sobre a Funcef, como parte da Campanha Nacional dos Banc\u00e1rios 2024. Esta \u00e9 uma reivindica\u00e7\u00e3o que j\u00e1 vinha sendo feita faz algum tempo e foi\u00a0<a href=\"https:\/\/contrafcut.com.br\/noticias\/caixa-empregados-cobram-respeito-a-jornada-e-pagamento-de-extras\/\" target=\"_blank\" rel=\"noopener noreferrer\">reiterada durante a \u00faltima reuni\u00e3o de negocia\u00e7\u00e3o<\/a>, ocorrida na sexta-feira (12).<\/p>\n<p>Na ocasi\u00e3o, a diretora executiva da Contraf-CUT, Eliana Brasil, disse que \u201cos participantes colocam seu dinheiro nos fundos e t\u00eam o direito de participar das negocia\u00e7\u00f5es sobre a solu\u00e7\u00e3o\u201d. Durante a reuni\u00e3o, a Comiss\u00e3o Executiva dos Empregados (CEE) da Caixa ressaltou que \u00e9 importante que o banco e a Funcef mantenham rela\u00e7\u00f5es com as entidades associativas e de representa\u00e7\u00e3o dos empregados, mas que as negocia\u00e7\u00f5es devem acontecer em mesa espec\u00edfica e informou que a Contraf-CUT enviaria um of\u00edcio \u00e0 Caixa frisando esta necessidade.<\/p>\n<p>No of\u00edcio, a Contraf-CUT observa que \u201co equacionamento dos d\u00e9ficits do plano REG\/Replan Saldado da Funda\u00e7\u00e3o dos Economi\u00e1rios Federais (Funcef), o contencioso judicial da Caixa Econ\u00f4mica Federal que \u00e9 repassado para a Funcef e seus participantes, e tantas outras quest\u00f5es sobre a funda\u00e7\u00e3o n\u00e3o podem ser decididas pelo banco sem a participa\u00e7\u00e3o dos propriet\u00e1rios dos recursos dos fundos, que s\u00e3o os empregados participantes.\u201d<\/p>\n<p>O texto lembra ainda que \u201cj\u00e1 faz algum tempo que a Confedera\u00e7\u00e3o Nacional dos Trabalhadores do Ramo Financeiro (Contraf-CUT), a Federa\u00e7\u00e3o Nacional das Associa\u00e7\u00f5es do Pessoal da Caixa (Fenae) e diversas outras entidades de representa\u00e7\u00e3o e associativas das empregadas e empregados solicitam que se instaure uma mesa de negocia\u00e7\u00f5es para tratar sobre a Funcef.\u201d<\/p>\n<p>Por fim, o texto ressalta que as negocia\u00e7\u00f5es da Campanha Nacional dos Banc\u00e1rios 2024 est\u00e3o em andamento e solicita \u201cque a Caixa se re\u00fana com representantes das empregadas e empregados participantes dos fundos, juntamente com representantes da Funcef, para juntos constru\u00edrem uma proposta de solu\u00e7\u00e3o para as quest\u00f5es j\u00e1 bastante conhecidas por todos.\u201d<\/p>\n<p>\u201cTemos propostas vi\u00e1veis, que n\u00e3o retiram direitos dos participantes dos fundos de pens\u00e3o, que podem ser facilmente implementadas\u201d, afirmou o coordenador da CEE, Rafael de Castro.<\/p>\n<p><strong>Fonte: Contraf-CUT<\/strong><\/p>\n","protected":false},"excerpt":{"rendered":"<p>A Confedera\u00e7\u00e3o Nacional dos Trabalhadores do Ramo Financeiro (Contraf-CUT) enviou, nesta quarta-feira (17), um of\u00edcio \u00e0 Caixa Econ\u00f4mica Federal cobrando que seja realizada uma mesa de negocia\u00e7\u00e3o sobre a Funcef, como parte da Campanha Nacional dos Banc\u00e1rios 2024. Esta \u00e9 uma reivindica\u00e7\u00e3o que j\u00e1 vinha sendo feita faz algum tempo e foi\u00a0reiterada durante a \u00faltima [&hellip;]<\/p>\n","protected":false},"author":2,"featured_media":15543,"comment_status":"","ping_status":"","sticky":false,"template":"","format":"standard","meta":{"footnotes":""},"categories":[3],"tags":[],"class_list":["post-15544","post","type-post","status-publish","format-standard","has-post-thumbnail","hentry","category-noticias"],"_links":{"self":[{"href":"https:\/\/hostnetart.com.br\/baixada\/wp-json\/wp\/v2\/posts\/15544","targetHints":{"allow":["GET"]}}],"collection":[{"href":"https:\/\/hostnetart.com.br\/baixada\/wp-json\/wp\/v2\/posts"}],"about":[{"href":"https:\/\/hostnetart.com.br\/baixada\/wp-json\/wp\/v2\/types\/post"}],"author":[{"embeddable":true,"href":"https:\/\/hostnetart.com.br\/baixada\/wp-json\/wp\/v2\/users\/2"}],"replies":[{"embeddable":true,"href":"https:\/\/hostnetart.com.br\/baixada\/wp-json\/wp\/v2\/comments?post=15544"}],"version-history":[{"count":0,"href":"https:\/\/hostnetart.com.br\/baixada\/wp-json\/wp\/v2\/posts\/15544\/revisions"}],"wp:featuredmedia":[{"embeddable":true,"href":"https:\/\/hostnetart.com.br\/baixada\/wp-json\/wp\/v2\/media\/15543"}],"wp:attachment":[{"href":"https:\/\/hostnetart.com.br\/baixada\/wp-json\/wp\/v2\/media?parent=15544"}],"wp:term":[{"taxonomy":"category","embeddable":true,"href":"https:\/\/hostnetart.com.br\/baixada\/wp-json\/wp\/v2\/categories?post=15544"},{"taxonomy":"post_tag","embeddable":true,"href":"https:\/\/hostnetart.com.br\/baixada\/wp-json\/wp\/v2\/tags?post=15544"}],"curies":[{"name":"wp","href":"https:\/\/api.w.org\/{rel}","templated":true}]}}