{"id":15538,"date":"2024-07-16T21:48:58","date_gmt":"2024-07-17T00:48:58","guid":{"rendered":"https:\/\/hostnetart.com.br\/baixada\/coe-santander-inicia-negociacoes-e-reitera-defesa-dos-direitos-dos-empregados\/"},"modified":"2024-07-16T21:48:58","modified_gmt":"2024-07-17T00:48:58","slug":"coe-santander-inicia-negociacoes-e-reitera-defesa-dos-direitos-dos-empregados","status":"publish","type":"post","link":"https:\/\/hostnetart.com.br\/baixada\/coe-santander-inicia-negociacoes-e-reitera-defesa-dos-direitos-dos-empregados\/","title":{"rendered":"COE Santander inicia negocia\u00e7\u00f5es e reitera defesa dos direitos dos empregados"},"content":{"rendered":"<p>A Comiss\u00e3o de Organiza\u00e7\u00e3o dos Empregados (COE) do Santander deu in\u00edcio \u00e0s negocia\u00e7\u00f5es do acordo espec\u00edfico com o banco, na tarde desta ter\u00e7a-feira (16), e reafirmou sua postura na defesa dos direitos dos trabalhadores. A coordenadora da COE, Wanessa Queiroz, destacou que &#8220;\u00e9 inegoci\u00e1vel qualquer retirada de direito&#8221;, ao refor\u00e7ar a prioridade em discutir novas cl\u00e1usulas para a prote\u00e7\u00e3o dos empregados.<\/p>\n<p>&#8220;Estamos iniciando hoje e nossa prioridade \u00e9 discutir as cl\u00e1usulas novas. Queremos discutir cl\u00e1usula a cl\u00e1usula, independentemente de serem parecidas com as debatidas pela Fenaban&#8221;, afirmou Wanessa. A coordenadora tamb\u00e9m solicitou a defini\u00e7\u00e3o de um calend\u00e1rio para as negocia\u00e7\u00f5es, a serem realizadas nos meses de julho e agosto, para garantir um di\u00e1logo cont\u00ednuo e eficaz.<\/p>\n<p>Um dos principais temas debatidos durante o encontro foi a quest\u00e3o do emprego. O movimento sindical cobrou o fim das demiss\u00f5es e os n\u00fameros de ag\u00eancias, postos de atendimentos banc\u00e1rios (PABs), funcion\u00e1rios e terceirizados. A press\u00e3o para a manuten\u00e7\u00e3o dos postos de trabalho e a garantia de direitos s\u00e3o pilares fundamentais para a COE nesta rodada de negocia\u00e7\u00f5es.<\/p>\n<p>A secret\u00e1ria de Rela\u00e7\u00f5es Internacionais e representante da Confedera\u00e7\u00e3o Nacional dos Trabalhadores do Ramo Financeiro (Contraf-CUT) nas negocia\u00e7\u00f5es com o Santander, Rita Berlofa, destacou a import\u00e2ncia de n\u00e3o apenas manter, mas ampliar os direitos dos trabalhadores. &#8220;N\u00f3s n\u00e3o queremos que mude o que tem, n\u00f3s queremos que amplie para novos direitos dos trabalhadores,&#8221; afirmou Berlofa.<\/p>\n<p>Ela enfatizou a quest\u00e3o das demiss\u00f5es e das contrata\u00e7\u00f5es fraudulentas como um problema cr\u00edtico. &#8220;Na hora do emprego, n\u00f3s deixamos bem claro o seguinte: a redu\u00e7\u00e3o de trabalhadores banc\u00e1rios se d\u00e1 de duas formas no banco, uma \u00e9 pela demiss\u00e3o imotivada e a outra pela contrata\u00e7\u00e3o fraudulenta de m\u00e3o-de-obra, onde um trabalhador deixa de ser banc\u00e1rio e passa a atuar numa empresa coligada do banco, sem direitos, sem os benef\u00edcios, enfim, sem os direitos da categoria banc\u00e1ria e com sal\u00e1rios reduzidos.&#8221;<\/p>\n<p>Wanessa Queiroz mencionou o clima de apreens\u00e3o entre os trabalhadores. &#8220;56% dos trabalhadores do Santander hoje vivem um clima extremamente apreensivo, medo da demiss\u00e3o e medo da contrata\u00e7\u00e3o fraudulenta de m\u00e3o de obra. Reafirmamos que esse sentimento de medo n\u00e3o \u00e9 bom e precisa mudar.&#8221;<\/p>\n<p>Rita Berlofa finalizou ao destacar a disposi\u00e7\u00e3o para negociar e desafiou o banco a buscar alternativas vi\u00e1veis. &#8220;N\u00f3s colocamos ao banco que precisamos encontrar alternativas que n\u00e3o sejam a simples demiss\u00e3o ou essa contrata\u00e7\u00e3o fraudulenta de m\u00e3o de obra. Estamos dispostos a negociar alternativas para isso e desafiamos o banco a negociar isso conosco. Pedimos tamb\u00e9m que o banco nos apresente, na pr\u00f3xima reuni\u00e3o, os n\u00fameros de desligados da categoria, de admitidos como banc\u00e1rios e admitidos como terceirizados das empresas coligadas.&#8221;<\/p>\n<p>As pr\u00f3ximas reuni\u00f5es ser\u00e3o realizadas nos dias 26 de julho e 2 e 9 de agosto, na sede da Contraf-CUT, em S\u00e3o Paulo.<\/p>\n<p><b>Fonte: Contraf-CUT<\/b><\/p>\n","protected":false},"excerpt":{"rendered":"<p>A Comiss\u00e3o de Organiza\u00e7\u00e3o dos Empregados (COE) do Santander deu in\u00edcio \u00e0s negocia\u00e7\u00f5es do acordo espec\u00edfico com o banco, na tarde desta ter\u00e7a-feira (16), e reafirmou sua postura na defesa dos direitos dos trabalhadores. A coordenadora da COE, Wanessa Queiroz, destacou que &#8220;\u00e9 inegoci\u00e1vel qualquer retirada de direito&#8221;, ao refor\u00e7ar a prioridade em discutir novas [&hellip;]<\/p>\n","protected":false},"author":2,"featured_media":15537,"comment_status":"","ping_status":"","sticky":false,"template":"","format":"standard","meta":{"footnotes":""},"categories":[3],"tags":[],"class_list":["post-15538","post","type-post","status-publish","format-standard","has-post-thumbnail","hentry","category-noticias"],"_links":{"self":[{"href":"https:\/\/hostnetart.com.br\/baixada\/wp-json\/wp\/v2\/posts\/15538","targetHints":{"allow":["GET"]}}],"collection":[{"href":"https:\/\/hostnetart.com.br\/baixada\/wp-json\/wp\/v2\/posts"}],"about":[{"href":"https:\/\/hostnetart.com.br\/baixada\/wp-json\/wp\/v2\/types\/post"}],"author":[{"embeddable":true,"href":"https:\/\/hostnetart.com.br\/baixada\/wp-json\/wp\/v2\/users\/2"}],"replies":[{"embeddable":true,"href":"https:\/\/hostnetart.com.br\/baixada\/wp-json\/wp\/v2\/comments?post=15538"}],"version-history":[{"count":0,"href":"https:\/\/hostnetart.com.br\/baixada\/wp-json\/wp\/v2\/posts\/15538\/revisions"}],"wp:featuredmedia":[{"embeddable":true,"href":"https:\/\/hostnetart.com.br\/baixada\/wp-json\/wp\/v2\/media\/15537"}],"wp:attachment":[{"href":"https:\/\/hostnetart.com.br\/baixada\/wp-json\/wp\/v2\/media?parent=15538"}],"wp:term":[{"taxonomy":"category","embeddable":true,"href":"https:\/\/hostnetart.com.br\/baixada\/wp-json\/wp\/v2\/categories?post=15538"},{"taxonomy":"post_tag","embeddable":true,"href":"https:\/\/hostnetart.com.br\/baixada\/wp-json\/wp\/v2\/tags?post=15538"}],"curies":[{"name":"wp","href":"https:\/\/api.w.org\/{rel}","templated":true}]}}