{"id":15536,"date":"2024-07-16T18:35:19","date_gmt":"2024-07-16T21:35:19","guid":{"rendered":"https:\/\/hostnetart.com.br\/baixada\/financiarios-exigem-fim-de-terceirizacoes-e-formalizacao-do-teletrabalho-no-setor\/"},"modified":"2024-07-16T18:35:19","modified_gmt":"2024-07-16T21:35:19","slug":"financiarios-exigem-fim-de-terceirizacoes-e-formalizacao-do-teletrabalho-no-setor","status":"publish","type":"post","link":"https:\/\/hostnetart.com.br\/baixada\/financiarios-exigem-fim-de-terceirizacoes-e-formalizacao-do-teletrabalho-no-setor\/","title":{"rendered":"Financi\u00e1rios exigem fim de terceiriza\u00e7\u00f5es e formaliza\u00e7\u00e3o do teletrabalho no setor"},"content":{"rendered":"<p>Representantes dos trabalhadores financi\u00e1rios realizaram, nesta ter\u00e7a-feira (16), mais uma rodada da mesa de negocia\u00e7\u00f5es com a Associa\u00e7\u00e3o Nacional das Institui\u00e7\u00f5es de Cr\u00e9dito, Financiamento e Investimento (Acrefi), desta vez, para reivindicar o fim de terceiriza\u00e7\u00f5es e a formaliza\u00e7\u00e3o do teletrabalho no setor. O encontro faz parte das negocia\u00e7\u00f5es da Campanha Nacional dos Financi\u00e1rios 2024 para a Conven\u00e7\u00e3o Coletiva de Trabalho (CCT) da categoria.<\/p>\n<p>&#8220;Levamos para a mesa a necessidade de prote\u00e7\u00e3o de empregos, e de empregos de qualidade, em que os direitos sejam protegidos e garantidos. Estamos vendo no segmento o aumento da contrata\u00e7\u00e3o de terceirizados e redu\u00e7\u00e3o da contra\u00e7\u00e3o formal&#8221;, explicou a secret\u00e1ria de Organiza\u00e7\u00e3o do Ramo Financeiro e Pol\u00edtica Sindical da Confedera\u00e7\u00e3o Nacional dos Trabalhadores do Ramo Financeiro (Contraf-CUT), Magaly Fagundes.<\/p>\n<p>Na mesa, o movimento sindical tamb\u00e9m denunciou o aumento de contrata\u00e7\u00f5es de correspondentes banc\u00e1rios, como mais uma maneira de o setor reduzir as contrata\u00e7\u00f5es diretas e formais, repassando os servi\u00e7os para outras empresas que n\u00e3o cobrem os mesmos direitos reivindicados pela categoria.<\/p>\n<p><strong>Teletrabalho<\/strong><\/p>\n<p>Sobre a quest\u00e3o do teletrabalho, o coordenador do Coletivo Nacional dos Financi\u00e1rios da Contraf-CUT, Jair Alves, cobrou que \u201cas financeiras com a pr\u00e1tica de home office devem ter a modalidade clausulada na CCT\u201d.<\/p>\n<p>Na minuta de reivindica\u00e7\u00f5es, que j\u00e1 foi entregue para a Acrefi, no Artigo 35, sobre Teletrabalho, o movimento sindical pede garantia de tratamento, remunera\u00e7\u00e3o e direitos aos trabalhadores que realizam suas atividades laborais \u00e0 dist\u00e2ncia, incluindo a concess\u00e3o de todos os benef\u00edcios previstos para os colegas que atuam presencialmente.<\/p>\n<p>Entre outros pontos da minuta de reivindica\u00e7\u00f5es, est\u00e3o tamb\u00e9m a garantia de ferramentas e equipamentos necess\u00e1rios para o desempenho do teletrabalho, e que estejam dentro dos par\u00e2metros de sa\u00fade e seguran\u00e7a do trabalho; respeito \u00e0 jornada contratual; privacidade nos per\u00edodos de descanso; e cobertura dos custos e gastos na execu\u00e7\u00e3o das atividades \u00e0 dist\u00e2ncia, com o pagamento de um aux\u00edlio teletrabalho.<\/p>\n<p>Magaly Fagundes refor\u00e7ou ainda a necessidade de um levantamento do perfil da categoria, para saber quantos s\u00e3o os que, atualmente, est\u00e3o em home-office. \u201cDevido \u00e0 grande diversidade desse setor, as financeiras que praticam o teletrabalho precisam seguir um acordo que contemple os trabalhadores, como pedimos na minuta, e que inclui ajuda de custo, respeito \u00e0 seguran\u00e7a de trabalho. Porque sabemos que h\u00e1 uma grande quantidade de financi\u00e1rios atuando em home office\u201d, pontuou a dirigente.<\/p>\n<p><strong>Calend\u00e1rio de Negocia\u00e7\u00f5es<\/strong><\/p>\n<p>19\/07 \u2013 Sa\u00fade e condi\u00e7\u00f5es de trabalho (Tarde)<br \/>23\/07 \u2013 Cl\u00e1usulas econ\u00f4micas (Manh\u00e3)<br \/>30\/07 \u2013 Cl\u00e1usulas econ\u00f4micas (Tarde)<\/p>\n<p><strong><em>Fonte: Contraf-CUT<\/em><\/strong><\/p>\n","protected":false},"excerpt":{"rendered":"<p>Representantes dos trabalhadores financi\u00e1rios realizaram, nesta ter\u00e7a-feira (16), mais uma rodada da mesa de negocia\u00e7\u00f5es com a Associa\u00e7\u00e3o Nacional das Institui\u00e7\u00f5es de Cr\u00e9dito, Financiamento e Investimento (Acrefi), desta vez, para reivindicar o fim de terceiriza\u00e7\u00f5es e a formaliza\u00e7\u00e3o do teletrabalho no setor. O encontro faz parte das negocia\u00e7\u00f5es da Campanha Nacional dos Financi\u00e1rios 2024 para [&hellip;]<\/p>\n","protected":false},"author":2,"featured_media":15535,"comment_status":"","ping_status":"","sticky":false,"template":"","format":"standard","meta":{"footnotes":""},"categories":[3],"tags":[],"class_list":["post-15536","post","type-post","status-publish","format-standard","has-post-thumbnail","hentry","category-noticias"],"_links":{"self":[{"href":"https:\/\/hostnetart.com.br\/baixada\/wp-json\/wp\/v2\/posts\/15536","targetHints":{"allow":["GET"]}}],"collection":[{"href":"https:\/\/hostnetart.com.br\/baixada\/wp-json\/wp\/v2\/posts"}],"about":[{"href":"https:\/\/hostnetart.com.br\/baixada\/wp-json\/wp\/v2\/types\/post"}],"author":[{"embeddable":true,"href":"https:\/\/hostnetart.com.br\/baixada\/wp-json\/wp\/v2\/users\/2"}],"replies":[{"embeddable":true,"href":"https:\/\/hostnetart.com.br\/baixada\/wp-json\/wp\/v2\/comments?post=15536"}],"version-history":[{"count":0,"href":"https:\/\/hostnetart.com.br\/baixada\/wp-json\/wp\/v2\/posts\/15536\/revisions"}],"wp:featuredmedia":[{"embeddable":true,"href":"https:\/\/hostnetart.com.br\/baixada\/wp-json\/wp\/v2\/media\/15535"}],"wp:attachment":[{"href":"https:\/\/hostnetart.com.br\/baixada\/wp-json\/wp\/v2\/media?parent=15536"}],"wp:term":[{"taxonomy":"category","embeddable":true,"href":"https:\/\/hostnetart.com.br\/baixada\/wp-json\/wp\/v2\/categories?post=15536"},{"taxonomy":"post_tag","embeddable":true,"href":"https:\/\/hostnetart.com.br\/baixada\/wp-json\/wp\/v2\/tags?post=15536"}],"curies":[{"name":"wp","href":"https:\/\/api.w.org\/{rel}","templated":true}]}}