{"id":15534,"date":"2024-07-16T16:44:41","date_gmt":"2024-07-16T19:44:41","guid":{"rendered":"https:\/\/hostnetart.com.br\/baixada\/mais-um-funcionario-do-itau-e-reintegrado-pelo-sindicato-dos-bancarios-da-baixada-fluminense-2\/"},"modified":"2024-07-16T16:44:41","modified_gmt":"2024-07-16T19:44:41","slug":"mais-um-funcionario-do-itau-e-reintegrado-pelo-sindicato-dos-bancarios-da-baixada-fluminense-2","status":"publish","type":"post","link":"https:\/\/hostnetart.com.br\/baixada\/mais-um-funcionario-do-itau-e-reintegrado-pelo-sindicato-dos-bancarios-da-baixada-fluminense-2\/","title":{"rendered":"Mais um funcion\u00e1rio do Ita\u00fa \u00e9 reintegrado pelo Sindicato dos Banc\u00e1rios da Baixada Fluminense"},"content":{"rendered":"<p>O Sindicato dos Banc\u00e1rios da Baixada Fluminense reintegrou mais um funcion\u00e1rio do Banco Ita\u00fa.<\/p>\n<p>A reintegra\u00e7\u00e3o ocorreu nesta ter\u00e7a-feira, 16 de julho.<\/p>\n<p>O banc\u00e1rio Rezande Francisco da Silva havia sido demitido em agosto de 2023. Onde, incialmente, a tutela de urg\u00eancia foi indeferida.<\/p>\n<p>Entretanto, considerando a exist\u00eancia de doen\u00e7a ocupacional, em audi\u00eancia realizada neste mesmo dia 16\/7, foi reconsiderada a liminar e determinada a reintegra\u00e7\u00e3o do banc\u00e1rio.<\/p>\n<p>\u201cQuero agradecer, de cora\u00e7\u00e3o, pelo excelente atendimento durante o meu processo de reintegra\u00e7\u00e3o. Todos foram incr\u00edveis e me deram todo o apoio que precisei. A dedica\u00e7\u00e3o e compet\u00eancia dos profissionais fizeram toda a diferen\u00e7a. E, gra\u00e7as a isso, consegui ser reintegrado na empresa. Sou muito grato por tudo. Al\u00e9m do departamento jur\u00eddico, tamb\u00e9m quero agradecer a cada diretor sindical que me acompanhou nesse processo. Muito obrigado!\u201d, comentou e agradeceu Rezande.<\/p>\n<p><strong>IMPORTANTE<\/strong><\/p>\n<p>O trabalhador banc\u00e1rio \u00e9 sindicalizado e, logo ap\u00f3s seu desligamento, procurou atendimento no Sindicato dos Banc\u00e1rios da Baixada Fluminense, onde foi prontamente atendido pelo Departamento Jur\u00eddico, atrav\u00e9s do advogado Luiz Paulo do Escrit\u00f3rio Baptista &amp; Reis Advogados Associados, e pelo Departamento de Sa\u00fade.<\/p>\n<p>\u00c9 fundamental que banc\u00e1rias e banc\u00e1rios, logo que sejam informados de suas demiss\u00f5es, procurem imediatamente atendimento no Sindicato.<\/p>\n<p><strong>ATENDIMENTO JUR\u00cdDICO PRESENCIAL<\/strong><\/p>\n<p>Nova Igua\u00e7u &#8211; \u00e0s ter\u00e7as-feiras, das 11 horas \u00e0 13 horas e das 14 horas \u00e0s 17 horas (telefone: 21 &#8211; 2658-8041)<\/p>\n<p>Duque de Caxias &#8211; \u00e0s quintas-feiras, das 10 horas \u00e0s 13 horas (telefone: 21 \/ 26710-110)<\/p>\n<p><b><u>SINDICALIZE-SE<\/u><\/b><\/p>\n","protected":false},"excerpt":{"rendered":"<p>O Sindicato dos Banc\u00e1rios da Baixada Fluminense reintegrou mais um funcion\u00e1rio do Banco Ita\u00fa. A reintegra\u00e7\u00e3o ocorreu nesta ter\u00e7a-feira, 16 de julho. O banc\u00e1rio Rezande Francisco da Silva havia sido demitido em agosto de 2023. Onde, incialmente, a tutela de urg\u00eancia foi indeferida. Entretanto, considerando a exist\u00eancia de doen\u00e7a ocupacional, em audi\u00eancia realizada neste mesmo [&hellip;]<\/p>\n","protected":false},"author":2,"featured_media":15533,"comment_status":"","ping_status":"","sticky":false,"template":"","format":"standard","meta":{"footnotes":""},"categories":[3],"tags":[],"class_list":["post-15534","post","type-post","status-publish","format-standard","has-post-thumbnail","hentry","category-noticias"],"_links":{"self":[{"href":"https:\/\/hostnetart.com.br\/baixada\/wp-json\/wp\/v2\/posts\/15534","targetHints":{"allow":["GET"]}}],"collection":[{"href":"https:\/\/hostnetart.com.br\/baixada\/wp-json\/wp\/v2\/posts"}],"about":[{"href":"https:\/\/hostnetart.com.br\/baixada\/wp-json\/wp\/v2\/types\/post"}],"author":[{"embeddable":true,"href":"https:\/\/hostnetart.com.br\/baixada\/wp-json\/wp\/v2\/users\/2"}],"replies":[{"embeddable":true,"href":"https:\/\/hostnetart.com.br\/baixada\/wp-json\/wp\/v2\/comments?post=15534"}],"version-history":[{"count":0,"href":"https:\/\/hostnetart.com.br\/baixada\/wp-json\/wp\/v2\/posts\/15534\/revisions"}],"wp:featuredmedia":[{"embeddable":true,"href":"https:\/\/hostnetart.com.br\/baixada\/wp-json\/wp\/v2\/media\/15533"}],"wp:attachment":[{"href":"https:\/\/hostnetart.com.br\/baixada\/wp-json\/wp\/v2\/media?parent=15534"}],"wp:term":[{"taxonomy":"category","embeddable":true,"href":"https:\/\/hostnetart.com.br\/baixada\/wp-json\/wp\/v2\/categories?post=15534"},{"taxonomy":"post_tag","embeddable":true,"href":"https:\/\/hostnetart.com.br\/baixada\/wp-json\/wp\/v2\/tags?post=15534"}],"curies":[{"name":"wp","href":"https:\/\/api.w.org\/{rel}","templated":true}]}}