{"id":15526,"date":"2024-07-12T23:56:49","date_gmt":"2024-07-13T02:56:49","guid":{"rendered":"https:\/\/hostnetart.com.br\/baixada\/na-3-mesa-de-negociacao-bb-se-compromete-a-nao-mexer-na-gratificacao-dos-caixas\/"},"modified":"2024-07-12T23:56:49","modified_gmt":"2024-07-13T02:56:49","slug":"na-3-mesa-de-negociacao-bb-se-compromete-a-nao-mexer-na-gratificacao-dos-caixas","status":"publish","type":"post","link":"https:\/\/hostnetart.com.br\/baixada\/na-3-mesa-de-negociacao-bb-se-compromete-a-nao-mexer-na-gratificacao-dos-caixas\/","title":{"rendered":"Na 3\u00aa mesa de negocia\u00e7\u00e3o, BB se compromete a n\u00e3o mexer na gratifica\u00e7\u00e3o dos caixas"},"content":{"rendered":"<p>Nesta sexta-feira, 12 de julho, na <strong>terceira mesa de negocia\u00e7\u00e3o<\/strong> espec\u00edfica da Campanha Nacional 2024 para a renova\u00e7\u00e3o do Acordo Coletivo de Trabalho (ACT), a <strong>dire\u00e7\u00e3o do Banco do Brasil<\/strong> se comprometeu a <strong>n\u00e3o mexer na gratifica\u00e7\u00e3o dos caixas<\/strong> durante a Campanha Nacional 2024 e a negociar a pauta durante o per\u00edodo.<\/p>\n<p><strong>Bethania Emerick<\/strong>, Diretora Cultural da Federa\u00e7\u00e3o dos Trabalhadores do Ramo Financeiro dos Estados do Rio de Janeiro e Esp\u00edrito Santo (<strong>Fetraf RJ\/ES<\/strong>) e Diretora do Sindibanc\u00e1rios\/ES, participou da reuni\u00e3o, ocorrida em S\u00e3o Paulo.<\/p>\n<p>Para Bethania, \u201ca tarde de hoje foi muito importante, no sentido de garantir a gratifica\u00e7\u00e3o dos caixas e manter o compromisso de discutir o assunto na mesa de negocia\u00e7\u00e3o. Isso abre espa\u00e7o para que v\u00e1rios outros temas, que s\u00e3o relevantes para a categoria, tamb\u00e9m sejam tratados.<br \/>A pauta da mesa de hoje foi sobre cl\u00e1usulas sociais, com destaque para teletrabalho, jornada de trabalho, al\u00e9m de aux\u00edlios financeiros. Esses temas s\u00e3o muito significativos e trazem avan\u00e7os na garantia da qualidade de vida dos banc\u00e1rios e banc\u00e1rias.\u201d, declarou.<\/p>\n<p><strong>Cl\u00e1usulas sociais em debate<\/strong><\/p>\n<p>O tema central da reuni\u00e3o foi cl\u00e1usulas sociais, com destaque para teletrabalho, jornada de trabalho, al\u00e9m de aux\u00edlios financeiros.<\/p>\n<p>A CEBB reivindicou a amplia\u00e7\u00e3o do percentual de funcion\u00e1rios e dos dias da semana em teletrabalho, seja no sistema h\u00edbrido ou totalmente remoto. De acordo com o Banco do Brasil, atualmente, cerca de 38% dos 87 mil banc\u00e1rios est\u00e3o em teletrabalho. A garantia da igualdade de tratamento, remunera\u00e7\u00e3o e direitos do trabalhador que realiza seu trabalho \u00e0 dist\u00e2ncia, como o respeito aos feriados regionais, tamb\u00e9m foi abordada.<\/p>\n<p><strong>Redu\u00e7\u00e3o da jornada<\/strong><\/p>\n<p>Outra reivindica\u00e7\u00e3o apresentada foi a redu\u00e7\u00e3o da jornada de trabalho para quatro dias da semana. Levantamento feito pelo Departamento Intersindical de Estat\u00edstica e Estudos Socioecon\u00f4micos (Dieese) mostra que a implementa\u00e7\u00e3o da jornada de quatro dias, entre os banc\u00e1rios que hoje realizam a jornada de 37 horas semanais, teria o potencial de criar mais de 108 mil vagas no setor, ou 25% do total de vagas que existem atualmente.<\/p>\n<p>Se a jornada reduzida fosse implementada entre os trabalhadores com jornada semanal de 30 horas, o potencial de gera\u00e7\u00e3o de emprego seria de mais de 240 mil vagas, ou 55,5% do total que existe hoje.<\/p>\n<p><strong>Bancos de horas negativa<\/strong><\/p>\n<p>O movimento sindical pediu ainda o quadro atualizado da quantidade de horas negativas que os banc\u00e1rios t\u00eam de fazer a compensa\u00e7\u00e3o at\u00e9 maio de 2025, para buscar alternativas para os trabalhadores zerarem suas horas negativas.<\/p>\n<p>A <strong>pr\u00f3xima reuni\u00e3o<\/strong> de negocia\u00e7\u00e3o ser\u00e1 no dia <strong>19 de julho<\/strong>, em S\u00e3o Paulo, sobre sa\u00fade.<\/p>\n<p><img fetchpriority=\"high\" decoding=\"async\" class=\"alignnone size-full wp-image-24783\" src=\"https:\/\/fetrafrjes.org.br\/wp-content\/uploads\/2024\/07\/87c9d6cb-d73e-4d05-9568-2dbb5b92e514.jpeg\" sizes=\"(max-width: 1600px) 100vw, 1600px\" srcset=\"https:\/\/fetrafrjes.org.br\/wp-content\/uploads\/2024\/07\/87c9d6cb-d73e-4d05-9568-2dbb5b92e514.jpeg 1600w, https:\/\/fetrafrjes.org.br\/wp-content\/uploads\/2024\/07\/87c9d6cb-d73e-4d05-9568-2dbb5b92e514-600x401.jpeg 600w, https:\/\/fetrafrjes.org.br\/wp-content\/uploads\/2024\/07\/87c9d6cb-d73e-4d05-9568-2dbb5b92e514-1024x685.jpeg 1024w, https:\/\/fetrafrjes.org.br\/wp-content\/uploads\/2024\/07\/87c9d6cb-d73e-4d05-9568-2dbb5b92e514-768x514.jpeg 768w, https:\/\/fetrafrjes.org.br\/wp-content\/uploads\/2024\/07\/87c9d6cb-d73e-4d05-9568-2dbb5b92e514-1536x1027.jpeg 1536w, https:\/\/fetrafrjes.org.br\/wp-content\/uploads\/2024\/07\/87c9d6cb-d73e-4d05-9568-2dbb5b92e514-1200x803.jpeg 1200w\" alt=\"\" width=\"1600\" height=\"1070\" \/><img decoding=\"async\" class=\"alignnone size-full wp-image-24784\" src=\"https:\/\/fetrafrjes.org.br\/wp-content\/uploads\/2024\/07\/bbcd141c-2ce3-47aa-8cd5-f756eb7e611f.jpeg\" sizes=\"(max-width: 1600px) 100vw, 1600px\" srcset=\"https:\/\/fetrafrjes.org.br\/wp-content\/uploads\/2024\/07\/bbcd141c-2ce3-47aa-8cd5-f756eb7e611f.jpeg 1600w, https:\/\/fetrafrjes.org.br\/wp-content\/uploads\/2024\/07\/bbcd141c-2ce3-47aa-8cd5-f756eb7e611f-600x401.jpeg 600w, https:\/\/fetrafrjes.org.br\/wp-content\/uploads\/2024\/07\/bbcd141c-2ce3-47aa-8cd5-f756eb7e611f-1024x685.jpeg 1024w, https:\/\/fetrafrjes.org.br\/wp-content\/uploads\/2024\/07\/bbcd141c-2ce3-47aa-8cd5-f756eb7e611f-768x514.jpeg 768w, https:\/\/fetrafrjes.org.br\/wp-content\/uploads\/2024\/07\/bbcd141c-2ce3-47aa-8cd5-f756eb7e611f-1536x1027.jpeg 1536w, https:\/\/fetrafrjes.org.br\/wp-content\/uploads\/2024\/07\/bbcd141c-2ce3-47aa-8cd5-f756eb7e611f-1200x803.jpeg 1200w\" alt=\"\" width=\"1600\" height=\"1070\" \/><img decoding=\"async\" class=\"alignnone size-full wp-image-24785\" src=\"https:\/\/fetrafrjes.org.br\/wp-content\/uploads\/2024\/07\/219cf5ab-8a6a-4979-9850-405283342a6e.jpeg\" sizes=\"(max-width: 1600px) 100vw, 1600px\" srcset=\"https:\/\/fetrafrjes.org.br\/wp-content\/uploads\/2024\/07\/219cf5ab-8a6a-4979-9850-405283342a6e.jpeg 1600w, https:\/\/fetrafrjes.org.br\/wp-content\/uploads\/2024\/07\/219cf5ab-8a6a-4979-9850-405283342a6e-600x401.jpeg 600w, https:\/\/fetrafrjes.org.br\/wp-content\/uploads\/2024\/07\/219cf5ab-8a6a-4979-9850-405283342a6e-1024x685.jpeg 1024w, https:\/\/fetrafrjes.org.br\/wp-content\/uploads\/2024\/07\/219cf5ab-8a6a-4979-9850-405283342a6e-768x514.jpeg 768w, https:\/\/fetrafrjes.org.br\/wp-content\/uploads\/2024\/07\/219cf5ab-8a6a-4979-9850-405283342a6e-1536x1027.jpeg 1536w, https:\/\/fetrafrjes.org.br\/wp-content\/uploads\/2024\/07\/219cf5ab-8a6a-4979-9850-405283342a6e-1200x803.jpeg 1200w\" alt=\"\" width=\"1600\" height=\"1070\" \/><img loading=\"lazy\" decoding=\"async\" class=\"alignnone size-full wp-image-24786\" src=\"https:\/\/fetrafrjes.org.br\/wp-content\/uploads\/2024\/07\/baa6406d-a0d9-4851-b1d8-b4c13bf4725c.jpeg\" sizes=\"(max-width: 1600px) 100vw, 1600px\" srcset=\"https:\/\/fetrafrjes.org.br\/wp-content\/uploads\/2024\/07\/baa6406d-a0d9-4851-b1d8-b4c13bf4725c.jpeg 1600w, https:\/\/fetrafrjes.org.br\/wp-content\/uploads\/2024\/07\/baa6406d-a0d9-4851-b1d8-b4c13bf4725c-600x401.jpeg 600w, https:\/\/fetrafrjes.org.br\/wp-content\/uploads\/2024\/07\/baa6406d-a0d9-4851-b1d8-b4c13bf4725c-1024x685.jpeg 1024w, https:\/\/fetrafrjes.org.br\/wp-content\/uploads\/2024\/07\/baa6406d-a0d9-4851-b1d8-b4c13bf4725c-768x514.jpeg 768w, https:\/\/fetrafrjes.org.br\/wp-content\/uploads\/2024\/07\/baa6406d-a0d9-4851-b1d8-b4c13bf4725c-1536x1027.jpeg 1536w, https:\/\/fetrafrjes.org.br\/wp-content\/uploads\/2024\/07\/baa6406d-a0d9-4851-b1d8-b4c13bf4725c-1200x803.jpeg 1200w\" alt=\"\" width=\"1600\" height=\"1070\" \/><img loading=\"lazy\" decoding=\"async\" class=\"alignnone size-full wp-image-24787\" src=\"https:\/\/fetrafrjes.org.br\/wp-content\/uploads\/2024\/07\/9f857ea7-434f-43af-8e98-7ed1c1d648c8.jpeg\" sizes=\"(max-width: 1600px) 100vw, 1600px\" srcset=\"https:\/\/fetrafrjes.org.br\/wp-content\/uploads\/2024\/07\/9f857ea7-434f-43af-8e98-7ed1c1d648c8.jpeg 1600w, https:\/\/fetrafrjes.org.br\/wp-content\/uploads\/2024\/07\/9f857ea7-434f-43af-8e98-7ed1c1d648c8-600x401.jpeg 600w, https:\/\/fetrafrjes.org.br\/wp-content\/uploads\/2024\/07\/9f857ea7-434f-43af-8e98-7ed1c1d648c8-1024x685.jpeg 1024w, https:\/\/fetrafrjes.org.br\/wp-content\/uploads\/2024\/07\/9f857ea7-434f-43af-8e98-7ed1c1d648c8-768x514.jpeg 768w, https:\/\/fetrafrjes.org.br\/wp-content\/uploads\/2024\/07\/9f857ea7-434f-43af-8e98-7ed1c1d648c8-1536x1027.jpeg 1536w, https:\/\/fetrafrjes.org.br\/wp-content\/uploads\/2024\/07\/9f857ea7-434f-43af-8e98-7ed1c1d648c8-1200x803.jpeg 1200w\" alt=\"\" width=\"1600\" height=\"1070\" \/><\/p>\n<p>Fonte: Fetraf RJ\/ES<\/p>\n<\/p>\n<p>\u00a0<\/p>\n","protected":false},"excerpt":{"rendered":"<p>Nesta sexta-feira, 12 de julho, na terceira mesa de negocia\u00e7\u00e3o espec\u00edfica da Campanha Nacional 2024 para a renova\u00e7\u00e3o do Acordo Coletivo de Trabalho (ACT), a dire\u00e7\u00e3o do Banco do Brasil se comprometeu a n\u00e3o mexer na gratifica\u00e7\u00e3o dos caixas durante a Campanha Nacional 2024 e a negociar a pauta durante o per\u00edodo. Bethania Emerick, Diretora [&hellip;]<\/p>\n","protected":false},"author":2,"featured_media":15525,"comment_status":"","ping_status":"","sticky":false,"template":"","format":"standard","meta":{"footnotes":""},"categories":[3],"tags":[],"class_list":["post-15526","post","type-post","status-publish","format-standard","has-post-thumbnail","hentry","category-noticias"],"_links":{"self":[{"href":"https:\/\/hostnetart.com.br\/baixada\/wp-json\/wp\/v2\/posts\/15526","targetHints":{"allow":["GET"]}}],"collection":[{"href":"https:\/\/hostnetart.com.br\/baixada\/wp-json\/wp\/v2\/posts"}],"about":[{"href":"https:\/\/hostnetart.com.br\/baixada\/wp-json\/wp\/v2\/types\/post"}],"author":[{"embeddable":true,"href":"https:\/\/hostnetart.com.br\/baixada\/wp-json\/wp\/v2\/users\/2"}],"replies":[{"embeddable":true,"href":"https:\/\/hostnetart.com.br\/baixada\/wp-json\/wp\/v2\/comments?post=15526"}],"version-history":[{"count":0,"href":"https:\/\/hostnetart.com.br\/baixada\/wp-json\/wp\/v2\/posts\/15526\/revisions"}],"wp:featuredmedia":[{"embeddable":true,"href":"https:\/\/hostnetart.com.br\/baixada\/wp-json\/wp\/v2\/media\/15525"}],"wp:attachment":[{"href":"https:\/\/hostnetart.com.br\/baixada\/wp-json\/wp\/v2\/media?parent=15526"}],"wp:term":[{"taxonomy":"category","embeddable":true,"href":"https:\/\/hostnetart.com.br\/baixada\/wp-json\/wp\/v2\/categories?post=15526"},{"taxonomy":"post_tag","embeddable":true,"href":"https:\/\/hostnetart.com.br\/baixada\/wp-json\/wp\/v2\/tags?post=15526"}],"curies":[{"name":"wp","href":"https:\/\/api.w.org\/{rel}","templated":true}]}}