{"id":15522,"date":"2024-07-12T19:09:44","date_gmt":"2024-07-12T22:09:44","guid":{"rendered":"https:\/\/hostnetart.com.br\/baixada\/movimento-sindical-denuncia-retaliacao-a-gerentes-da-caixa\/"},"modified":"2024-07-12T19:09:44","modified_gmt":"2024-07-12T22:09:44","slug":"movimento-sindical-denuncia-retaliacao-a-gerentes-da-caixa","status":"publish","type":"post","link":"https:\/\/hostnetart.com.br\/baixada\/movimento-sindical-denuncia-retaliacao-a-gerentes-da-caixa\/","title":{"rendered":"Movimento Sindical denuncia retalia\u00e7\u00e3o a gerentes da Caixa"},"content":{"rendered":"<\/p>\n<p>A Confedera\u00e7\u00e3o Nacional dos Trabalhadores do Ramo Financeiro (Contraf-CUT), a Federa\u00e7\u00e3o Nacional das Associa\u00e7\u00f5es do Pessoal da Caixa Econ\u00f4mica Federal (Fenae) e as Associa\u00e7\u00f5es do Pessoal da Caixa Econ\u00f4mica Federal (Apcefs) manifestam profunda preocupa\u00e7\u00e3o diante da not\u00edcia de que tr\u00eas gerentes da Caixa Asset, subsidi\u00e1ria respons\u00e1vel pela gest\u00e3o de ativos do banco, foram destitu\u00eddos de seus cargos ap\u00f3s se recusarem a aprovar uma opera\u00e7\u00e3o financeira que julgaram arriscada e at\u00edpica.<\/p>\n<p>A transa\u00e7\u00e3o envolvia a compra de um lote de R$ 500 milh\u00f5es em letras financeiras do Banco Master sem as devidas garantias. Os gerentes consideraram a opera\u00e7\u00e3o imprudente e alertaram para o alto risco de solv\u00eancia. Tamb\u00e9m detalharam uma pesquisa reputacional dos executivos do Banco Master, que possuem processos na Comiss\u00e3o de Valores Mobili\u00e1rios por envolvimento em crimes financeiros.<\/p>\n<p>A destitui\u00e7\u00e3o desses empregados parece ser uma retalia\u00e7\u00e3o injusta, que demanda uma apura\u00e7\u00e3o rigorosa e imediata por parte da Caixa. Ressaltamos que a atua\u00e7\u00e3o dos empregados da Caixa foi exemplar, demonstrando compromisso com a integridade e seguran\u00e7a do banco. No entanto, estamos preocupados com poss\u00edveis inger\u00eancias e direcionamentos para neg\u00f3cios escusos, que devem ser investigados com seriedade.<\/p>\n<p>A conselheira eleita do Conselho Administrativo da Caixa, Fabiana Uehara Proscholdt, tomar\u00e1 provid\u00eancias para que o diretor-presidente da Asset seja convocado a prestar esclarecimentos sobre o ocorrido.<\/p>\n<p>\u00c9 importante destacar que o incidente ocorreu em uma empresa subsidi\u00e1ria da Caixa, levantando preocupa\u00e7\u00f5es sobre os riscos associados ao fatiamento do banco e a cria\u00e7\u00e3o de subsidi\u00e1rias.<\/p>\n<p>Por fim, as entidades reafirmam que n\u00e3o desejam ver a Caixa envolvida em esc\u00e2ndalos, como os que marcaram o passado recente, com casos de ass\u00e9dio moral e sexual praticados pelos mais altos cargos do banco. Nosso compromisso \u00e9 com uma Caixa Econ\u00f4mica Federal \u00edntegra, totalmente p\u00fablica e presente no desenvolvimento social e no impulsionamento da economia do pa\u00eds.<\/p>\n<p><em>Contraf-CUT, Fenae e Apcefs<\/em><\/p>\n<p><strong>Fonte: Contraf-CUT<\/strong><\/p>\n","protected":false},"excerpt":{"rendered":"<p>A Confedera\u00e7\u00e3o Nacional dos Trabalhadores do Ramo Financeiro (Contraf-CUT), a Federa\u00e7\u00e3o Nacional das Associa\u00e7\u00f5es do Pessoal da Caixa Econ\u00f4mica Federal (Fenae) e as Associa\u00e7\u00f5es do Pessoal da Caixa Econ\u00f4mica Federal (Apcefs) manifestam profunda preocupa\u00e7\u00e3o diante da not\u00edcia de que tr\u00eas gerentes da Caixa Asset, subsidi\u00e1ria respons\u00e1vel pela gest\u00e3o de ativos do banco, foram destitu\u00eddos de [&hellip;]<\/p>\n","protected":false},"author":2,"featured_media":15521,"comment_status":"","ping_status":"","sticky":false,"template":"","format":"standard","meta":{"footnotes":""},"categories":[3],"tags":[],"class_list":["post-15522","post","type-post","status-publish","format-standard","has-post-thumbnail","hentry","category-noticias"],"_links":{"self":[{"href":"https:\/\/hostnetart.com.br\/baixada\/wp-json\/wp\/v2\/posts\/15522","targetHints":{"allow":["GET"]}}],"collection":[{"href":"https:\/\/hostnetart.com.br\/baixada\/wp-json\/wp\/v2\/posts"}],"about":[{"href":"https:\/\/hostnetart.com.br\/baixada\/wp-json\/wp\/v2\/types\/post"}],"author":[{"embeddable":true,"href":"https:\/\/hostnetart.com.br\/baixada\/wp-json\/wp\/v2\/users\/2"}],"replies":[{"embeddable":true,"href":"https:\/\/hostnetart.com.br\/baixada\/wp-json\/wp\/v2\/comments?post=15522"}],"version-history":[{"count":0,"href":"https:\/\/hostnetart.com.br\/baixada\/wp-json\/wp\/v2\/posts\/15522\/revisions"}],"wp:featuredmedia":[{"embeddable":true,"href":"https:\/\/hostnetart.com.br\/baixada\/wp-json\/wp\/v2\/media\/15521"}],"wp:attachment":[{"href":"https:\/\/hostnetart.com.br\/baixada\/wp-json\/wp\/v2\/media?parent=15522"}],"wp:term":[{"taxonomy":"category","embeddable":true,"href":"https:\/\/hostnetart.com.br\/baixada\/wp-json\/wp\/v2\/categories?post=15522"},{"taxonomy":"post_tag","embeddable":true,"href":"https:\/\/hostnetart.com.br\/baixada\/wp-json\/wp\/v2\/tags?post=15522"}],"curies":[{"name":"wp","href":"https:\/\/api.w.org\/{rel}","templated":true}]}}