{"id":15518,"date":"2024-07-11T18:30:14","date_gmt":"2024-07-11T21:30:14","guid":{"rendered":"https:\/\/hostnetart.com.br\/baixada\/coe-se-reune-com-mercantil-para-discutir-plr-falta-de-seguranca-e-outras-denuncias\/"},"modified":"2024-07-11T18:30:14","modified_gmt":"2024-07-11T21:30:14","slug":"coe-se-reune-com-mercantil-para-discutir-plr-falta-de-seguranca-e-outras-denuncias","status":"publish","type":"post","link":"https:\/\/hostnetart.com.br\/baixada\/coe-se-reune-com-mercantil-para-discutir-plr-falta-de-seguranca-e-outras-denuncias\/","title":{"rendered":"COE se re\u00fane com Mercantil para discutir PLR, falta de seguran\u00e7a e outras den\u00fancias"},"content":{"rendered":"<p>A Comiss\u00e3o de Organiza\u00e7\u00e3o dos Empregados (COE) se re\u00fane com a dire\u00e7\u00e3o do Banco Mercantil do Brasil, na pr\u00f3xima ter\u00e7a-feira (16). Em pauta, estar\u00e3o o Programa Pr\u00f3prio de PLR e outros assuntos ligados a funcion\u00e1rias e funcion\u00e1rios do Mercantil.<\/p>\n<p>Em prepara\u00e7\u00e3o, os membros da COE realiza\u00e7\u00e3o uma reuni\u00e3o preparat\u00f3ria, em 15 de julho, na qual ser\u00e3o debatidos, al\u00e9m da PLR pr\u00f3pria, problemas enfrentados nos postos de atendimento avan\u00e7ado (PAAs) e departamentos, como a retirada da vigil\u00e2ncia armada, e a exig\u00eancia do Mercantil de que funcion\u00e1rios realizem panfletagem nas ruas para agregar novos clientes.<\/p>\n<p>Vanderci Ant\u00f4nio, coordenador da COE, destacou que as den\u00fancias s\u00e3o fundamentais para que os sindicatos atuem contra a gest\u00e3o irrespons\u00e1vel do Mercantil. \u201cS\u00e3o in\u00fameros relatos que recebemos diariamente seja em rela\u00e7\u00e3o \u00e0 inseguran\u00e7a ou outras formas de desrespeito e explora\u00e7\u00e3o contra trabalhadores. Com estas informa\u00e7\u00f5es \u00e9 que conseguimos agir prontamente em defesa da categoria\u201d, afirmou.<\/p>\n<p>Segundo Marco Aur\u00e9lio Alves, funcion\u00e1rio do Banco e dirigente sindical, \u201cpara lucrar cada vez mais, o Mercantil est\u00e1 substituindo vigilantes armados por controladores de acesso terceirizados. Com isso, aumenta-se a inseguran\u00e7a em rela\u00e7\u00e3o a crimes de roubo, furtos, transa\u00e7\u00f5es eletr\u00f4nicas fraudulentas, extors\u00e3o e at\u00e9 sequestro dentro dos PAAs. Isto afeta tanto trabalhadores quanto clientes, em especial aposentados e pensionistas do INSS\u201d.<\/p>\n<p><strong>Fonte: Contraf-CUT<\/strong><\/p>\n","protected":false},"excerpt":{"rendered":"<p>A Comiss\u00e3o de Organiza\u00e7\u00e3o dos Empregados (COE) se re\u00fane com a dire\u00e7\u00e3o do Banco Mercantil do Brasil, na pr\u00f3xima ter\u00e7a-feira (16). Em pauta, estar\u00e3o o Programa Pr\u00f3prio de PLR e outros assuntos ligados a funcion\u00e1rias e funcion\u00e1rios do Mercantil. Em prepara\u00e7\u00e3o, os membros da COE realiza\u00e7\u00e3o uma reuni\u00e3o preparat\u00f3ria, em 15 de julho, na qual [&hellip;]<\/p>\n","protected":false},"author":2,"featured_media":15517,"comment_status":"","ping_status":"","sticky":false,"template":"","format":"standard","meta":{"footnotes":""},"categories":[3],"tags":[],"class_list":["post-15518","post","type-post","status-publish","format-standard","has-post-thumbnail","hentry","category-noticias"],"_links":{"self":[{"href":"https:\/\/hostnetart.com.br\/baixada\/wp-json\/wp\/v2\/posts\/15518","targetHints":{"allow":["GET"]}}],"collection":[{"href":"https:\/\/hostnetart.com.br\/baixada\/wp-json\/wp\/v2\/posts"}],"about":[{"href":"https:\/\/hostnetart.com.br\/baixada\/wp-json\/wp\/v2\/types\/post"}],"author":[{"embeddable":true,"href":"https:\/\/hostnetart.com.br\/baixada\/wp-json\/wp\/v2\/users\/2"}],"replies":[{"embeddable":true,"href":"https:\/\/hostnetart.com.br\/baixada\/wp-json\/wp\/v2\/comments?post=15518"}],"version-history":[{"count":0,"href":"https:\/\/hostnetart.com.br\/baixada\/wp-json\/wp\/v2\/posts\/15518\/revisions"}],"wp:featuredmedia":[{"embeddable":true,"href":"https:\/\/hostnetart.com.br\/baixada\/wp-json\/wp\/v2\/media\/15517"}],"wp:attachment":[{"href":"https:\/\/hostnetart.com.br\/baixada\/wp-json\/wp\/v2\/media?parent=15518"}],"wp:term":[{"taxonomy":"category","embeddable":true,"href":"https:\/\/hostnetart.com.br\/baixada\/wp-json\/wp\/v2\/categories?post=15518"},{"taxonomy":"post_tag","embeddable":true,"href":"https:\/\/hostnetart.com.br\/baixada\/wp-json\/wp\/v2\/tags?post=15518"}],"curies":[{"name":"wp","href":"https:\/\/api.w.org\/{rel}","templated":true}]}}