{"id":15512,"date":"2024-07-10T18:26:46","date_gmt":"2024-07-10T21:26:46","guid":{"rendered":"https:\/\/hostnetart.com.br\/baixada\/funcef-pesquisa-mostra-insatisfacao-com-proposta-de-equacionamento\/"},"modified":"2024-07-10T18:26:46","modified_gmt":"2024-07-10T21:26:46","slug":"funcef-pesquisa-mostra-insatisfacao-com-proposta-de-equacionamento","status":"publish","type":"post","link":"https:\/\/hostnetart.com.br\/baixada\/funcef-pesquisa-mostra-insatisfacao-com-proposta-de-equacionamento\/","title":{"rendered":"Funcef: Pesquisa mostra insatisfa\u00e7\u00e3o com proposta de equacionamento"},"content":{"rendered":"<\/p>\n<article class=\"article-content\">\n<section class=\"news-details\">\n<div class=\"news-details__body\">\n<div class=\"news-details__main-text visible\">\n<p>Uma pesquisa encomendada pela Federa\u00e7\u00e3o Nacional das Associa\u00e7\u00f5es do Pessoal da Caixa Econ\u00f4mica Federal (Fenae) mostra que os participantes do fundo de pens\u00e3o REG\/Replan Saldado, da Federa\u00e7\u00e3o dos Economi\u00e1rios Federais (Funcef), est\u00e3o insatisfeitos com a proposta elaborada pelo banco e a Funcef para o equacionamento dos d\u00e9ficits do plano. Os resultados da pesquisa ser\u00e3o apresentados nesta quarta-feira (10), a partir das 16h, com <a href=\"https:\/\/www.youtube.com\/watch?v=ad-p8M3GxNE\" target=\"_blank\" rel=\"noopener noreferrer\">transmiss\u00e3o ao vivo pelo Youtube.<\/a><\/p>\n<h2><strong>Insatisfa\u00e7\u00e3o<\/strong><\/h2>\n<p>Realizada entre os dias 5 e 23 de junho, com 3.501 participantes do plano REG\/Replan Saldado, a pesquisa revelou insatisfa\u00e7\u00e3o com a proposta e com a falta de transpar\u00eancia no processo.<\/p>\n<ul>\n<li>63% rejeitam a redu\u00e7\u00e3o da pens\u00e3o por morte de 80% para 50% + 10% por dependente, limitada a 80%;<\/li>\n<li>67% contestam o fim do pec\u00falio por morte;<\/li>\n<li>54% reclamam da falta de transpar\u00eancia na constru\u00e7\u00e3o da proposta.<\/li>\n<\/ul>\n<p>Durante a live, tamb\u00e9m ser\u00e3o discutidas a responsabilidade da Caixa pelo contencioso e a revis\u00e3o da meta atuarial, que a Confedera\u00e7\u00e3o Nacional dos Trabalhadores do Rao Financeiro (Contraf-CUT), a Fenae e outras entidades de representa\u00e7\u00e3o e associativas das empregadas e empregados defendem como solu\u00e7\u00f5es para reduzir o equacionamento sem prejudicar os direitos dos participantes.<\/p>\n<p>\u201cOs resultados s\u00e3o muito claros! Os participantes, que s\u00e3o os donos do patrim\u00f4nio do fundo, n\u00e3o concordam com as medidas daqueles que administram seu dinheiro e querem ser ouvidos sobre a proposta de solu\u00e7\u00e3o\u201d, disse diretora executiva da Contraf-CUT, Eliana Brasil.<\/p>\n<p>Para o presidente da Fenae, Sergio Takemoto, os resultados da pesquisa indicam claramente a necessidade de uma nova proposta. &#8220;Os participantes deixaram claro que n\u00e3o aceitam as medidas da Caixa e da Funcef, que retiram seus direitos. A Caixa precisa assumir suas responsabilidades, e a constru\u00e7\u00e3o deve ser coletiva, incluindo as entidades representativas dos participantes em um processo de negocia\u00e7\u00e3o&#8221;, afirmou.<\/p>\n<p>Al\u00e9m de Eliana Brasil e Sergio Takemoto, o diretor de Sa\u00fade e Previd\u00eancia da Fenae, Leonardo Quadros, o diretor de Benef\u00edcios da Funcef, Jair Pedro Ferreira, e a advogada Gl\u00e1ucia da Costa, do escrit\u00f3rio LBS Advogados participar\u00e3o do ato de apresenta\u00e7\u00e3o da pesquisa.<\/p>\n<\/div>\n<\/div>\n<\/section>\n<\/article>\n<aside class=\"aside-content\">\n<div id=\"lumIId2C9580848F88EB85018F88EF653F0133\"><strong>Fonte: Contraf-CUT<\/strong><\/div>\n<\/aside>\n","protected":false},"excerpt":{"rendered":"<p>Uma pesquisa encomendada pela Federa\u00e7\u00e3o Nacional das Associa\u00e7\u00f5es do Pessoal da Caixa Econ\u00f4mica Federal (Fenae) mostra que os participantes do fundo de pens\u00e3o REG\/Replan Saldado, da Federa\u00e7\u00e3o dos Economi\u00e1rios Federais (Funcef), est\u00e3o insatisfeitos com a proposta elaborada pelo banco e a Funcef para o equacionamento dos d\u00e9ficits do plano. Os resultados da pesquisa ser\u00e3o apresentados [&hellip;]<\/p>\n","protected":false},"author":2,"featured_media":15511,"comment_status":"","ping_status":"","sticky":false,"template":"","format":"standard","meta":{"footnotes":""},"categories":[3],"tags":[],"class_list":["post-15512","post","type-post","status-publish","format-standard","has-post-thumbnail","hentry","category-noticias"],"_links":{"self":[{"href":"https:\/\/hostnetart.com.br\/baixada\/wp-json\/wp\/v2\/posts\/15512","targetHints":{"allow":["GET"]}}],"collection":[{"href":"https:\/\/hostnetart.com.br\/baixada\/wp-json\/wp\/v2\/posts"}],"about":[{"href":"https:\/\/hostnetart.com.br\/baixada\/wp-json\/wp\/v2\/types\/post"}],"author":[{"embeddable":true,"href":"https:\/\/hostnetart.com.br\/baixada\/wp-json\/wp\/v2\/users\/2"}],"replies":[{"embeddable":true,"href":"https:\/\/hostnetart.com.br\/baixada\/wp-json\/wp\/v2\/comments?post=15512"}],"version-history":[{"count":0,"href":"https:\/\/hostnetart.com.br\/baixada\/wp-json\/wp\/v2\/posts\/15512\/revisions"}],"wp:featuredmedia":[{"embeddable":true,"href":"https:\/\/hostnetart.com.br\/baixada\/wp-json\/wp\/v2\/media\/15511"}],"wp:attachment":[{"href":"https:\/\/hostnetart.com.br\/baixada\/wp-json\/wp\/v2\/media?parent=15512"}],"wp:term":[{"taxonomy":"category","embeddable":true,"href":"https:\/\/hostnetart.com.br\/baixada\/wp-json\/wp\/v2\/categories?post=15512"},{"taxonomy":"post_tag","embeddable":true,"href":"https:\/\/hostnetart.com.br\/baixada\/wp-json\/wp\/v2\/tags?post=15512"}],"curies":[{"name":"wp","href":"https:\/\/api.w.org\/{rel}","templated":true}]}}