{"id":15510,"date":"2024-07-10T15:34:00","date_gmt":"2024-07-10T18:34:00","guid":{"rendered":"https:\/\/hostnetart.com.br\/baixada\/sindicato-participa-de-inauguracao-de-estudio-de-comunicacao-da-fetraf-rj-es\/"},"modified":"2024-07-10T15:34:00","modified_gmt":"2024-07-10T18:34:00","slug":"sindicato-participa-de-inauguracao-de-estudio-de-comunicacao-da-fetraf-rj-es","status":"publish","type":"post","link":"https:\/\/hostnetart.com.br\/baixada\/sindicato-participa-de-inauguracao-de-estudio-de-comunicacao-da-fetraf-rj-es\/","title":{"rendered":"Sindicato participa de inaugura\u00e7\u00e3o de est\u00fadio de comunica\u00e7\u00e3o da Fetraf RJ\/ES"},"content":{"rendered":"<p>Nesta ter\u00e7a-feira, 9 de julho, o Sindicato dos Banc\u00e1rios da Baixada Fluminense participou da inaugura\u00e7\u00e3o do est\u00fadio de comunica\u00e7\u00e3o da Federa\u00e7\u00e3o dos Trabalhadores do Ramo Financeiro dos Estados do Rio de Janeiro e Esp\u00edrito Santo (Fetraf RJ\/ES), atrav\u00e9s dos diretores Pedro Batista, Jos\u00e9 La\u00e9rcio, Renata Soeiro, Elizabeth Paradela, Solange Ribeiro e Newton Fran\u00e7a.<\/p>\n<p>O est\u00fadio foi batizado de \u201cEst\u00fadio de Comunica\u00e7\u00e3o Paulo Roberto dos Santos Garcez\u201d, em homenagem ao ex-Secret\u00e1rio Geral da entidade que, al\u00e9m de um profissional dedicado, era um fervoroso defensor de uma comunica\u00e7\u00e3o mais abrangente.<\/p>\n<p>O espa\u00e7o conta com modernos equipamentos e complementa os demais canais de comunica\u00e7\u00e3o da entidade, prometendo dar um salto de qualidade, investindo em tecnologia, e acompanhando os novos tempos, para a produ\u00e7\u00e3o de conte\u00fados, como a cria\u00e7\u00e3o de podcasts e fortalecimento do canal do YouTube.<\/p>\n<p>Al\u00e9m disso, busca ampliar o di\u00e1logo e o alcance com a categoria banc\u00e1ria.<\/p>\n<p>O evento contou com a presen\u00e7a de diretores e diretoras de todos os Sindicatos filiados \u00e0 Fetraf RJ\/ES &#8211; Angra dos Reis e Regi\u00e3o, Baixada Fluminense, Esp\u00edrito Santo, Itaperuna e Regi\u00e3o, Maca\u00e9 e Regi\u00e3o, Nova Friburgo e Regi\u00e3o e Tr\u00eas Rios e Regi\u00e3o -, al\u00e9m de convidados, amigos e familiares de Garcez.<\/p>\n<p>\u201cVimos a necessidade da nossa entidade estar presente nos mais diversos meios de comunica\u00e7\u00e3o, como podcasts, pois grande parte da categoria utiliza estas plataformas. Al\u00e9m disso, o est\u00fadio estar\u00e1 sempre dispon\u00edvel para nossos Sindicatos filiados.\u201d, comentou Nilton Esperan\u00e7a, Presidente da Fetraf RJ\/ES.<\/p>\n<p>*<i>com informa\u00e7\u00f5es da Fetraf RJ\/ES<\/i><\/p>\n<p><img \/><\/p>\n<p><img \/><\/p>\n<p><img \/><\/p>\n<p><img \/><\/p>\n","protected":false},"excerpt":{"rendered":"<p>Nesta ter\u00e7a-feira, 9 de julho, o Sindicato dos Banc\u00e1rios da Baixada Fluminense participou da inaugura\u00e7\u00e3o do est\u00fadio de comunica\u00e7\u00e3o da Federa\u00e7\u00e3o dos Trabalhadores do Ramo Financeiro dos Estados do Rio de Janeiro e Esp\u00edrito Santo (Fetraf RJ\/ES), atrav\u00e9s dos diretores Pedro Batista, Jos\u00e9 La\u00e9rcio, Renata Soeiro, Elizabeth Paradela, Solange Ribeiro e Newton Fran\u00e7a. O est\u00fadio [&hellip;]<\/p>\n","protected":false},"author":2,"featured_media":15509,"comment_status":"","ping_status":"","sticky":false,"template":"","format":"standard","meta":{"footnotes":""},"categories":[3],"tags":[],"class_list":["post-15510","post","type-post","status-publish","format-standard","has-post-thumbnail","hentry","category-noticias"],"_links":{"self":[{"href":"https:\/\/hostnetart.com.br\/baixada\/wp-json\/wp\/v2\/posts\/15510","targetHints":{"allow":["GET"]}}],"collection":[{"href":"https:\/\/hostnetart.com.br\/baixada\/wp-json\/wp\/v2\/posts"}],"about":[{"href":"https:\/\/hostnetart.com.br\/baixada\/wp-json\/wp\/v2\/types\/post"}],"author":[{"embeddable":true,"href":"https:\/\/hostnetart.com.br\/baixada\/wp-json\/wp\/v2\/users\/2"}],"replies":[{"embeddable":true,"href":"https:\/\/hostnetart.com.br\/baixada\/wp-json\/wp\/v2\/comments?post=15510"}],"version-history":[{"count":0,"href":"https:\/\/hostnetart.com.br\/baixada\/wp-json\/wp\/v2\/posts\/15510\/revisions"}],"wp:featuredmedia":[{"embeddable":true,"href":"https:\/\/hostnetart.com.br\/baixada\/wp-json\/wp\/v2\/media\/15509"}],"wp:attachment":[{"href":"https:\/\/hostnetart.com.br\/baixada\/wp-json\/wp\/v2\/media?parent=15510"}],"wp:term":[{"taxonomy":"category","embeddable":true,"href":"https:\/\/hostnetart.com.br\/baixada\/wp-json\/wp\/v2\/categories?post=15510"},{"taxonomy":"post_tag","embeddable":true,"href":"https:\/\/hostnetart.com.br\/baixada\/wp-json\/wp\/v2\/tags?post=15510"}],"curies":[{"name":"wp","href":"https:\/\/api.w.org\/{rel}","templated":true}]}}