{"id":1551,"date":"2014-07-23T00:00:00","date_gmt":"2014-07-23T03:00:00","guid":{"rendered":"https:\/\/hostnetart.com.br\/baixada\/projeto-piloto-de-seguranca-bancaria-sera-avaliado-nesta-quarta\/"},"modified":"2014-07-23T00:00:00","modified_gmt":"2014-07-23T03:00:00","slug":"projeto-piloto-de-seguranca-bancaria-sera-avaliado-nesta-quarta","status":"publish","type":"post","link":"https:\/\/hostnetart.com.br\/baixada\/projeto-piloto-de-seguranca-bancaria-sera-avaliado-nesta-quarta\/","title":{"rendered":"Projeto-piloto de Seguran\u00e7a Banc\u00e1ria ser\u00e1 avaliado nesta quarta"},"content":{"rendered":"<p>O Comando Nacional dos Banc\u00e1rios, coordenado pela Contraf-CUT, e o Coletivo Nacional de Seguran\u00e7a Banc\u00e1ria, se re\u00fanem nesta quarta-feira (23), \u00e0s 15 horas, com a Fenaban, em S\u00e3o Paulo, para fazer a avalia\u00e7\u00e3o nacional do Projeto-piloto de Seguran\u00e7a Banc\u00e1ria. Conquistado nas negocia\u00e7\u00f5es da Campanha Nacional 2012, a iniciativa est\u00e1 em andamento em 209 ag\u00eancias de Recife, Olinda e Jaboat\u00e3o dos Guararapes.<\/p>\n<p>Assinado no dia 14 de maio de 2013 com prazo de adequa\u00e7\u00e3o das ag\u00eancias em at\u00e9 90 dias, o projeto-piloto testa itens de seguran\u00e7a h\u00e1 muito tempo reivindicados pelos banc\u00e1rios para a preven\u00e7\u00e3o de assaltos, como porta girat\u00f3ria com detector de metais, c\u00e2meras internas e externas, biombos em frente aos caixas, guarda-volumes e vigilantes armados e com coletes bal\u00edsticos.<\/p>\n<p>Um grupo de acompanhamento, integrado pela Contraf-CUT, Sindicato dos Banc\u00e1rios de Pernambuco e Fenaban, se reuniu cinco vezes desde novembro do ano passado em Recife, discutindo o andamento do projeto-piloto e verificando as ocorr\u00eancias. Houve tamb\u00e9m reuni\u00f5es com representantes das ag\u00eancias envolvidas, com a participa\u00e7\u00e3o da Secretaria de Defesa Social (SDS).<\/p>\n<p>Os primeiros resultados apontaram redu\u00e7\u00e3o dos assaltos. Tamb\u00e9m aconteceu uma queda nos crimes de \u201csaidinha de banco\u201d, cujos dados nunca antes tinham sido revelados. Nesta reuni\u00e3o de avalia\u00e7\u00e3o ser\u00e3o conhecidos novos n\u00fameros para avaliar a efic\u00e1cia das medidas do projeto-piloto.<\/p>\n<p>\u201cA expectativa dos banc\u00e1rios \u00e9 a extens\u00e3o das medidas testadas e aprovadas no projeto-piloto para todas as ag\u00eancias e postos de atendimento banc\u00e1rio em todo o Brasil, buscando trazer mais seguran\u00e7a e proteger a vida de trabalhadores e clientes\u201d, afirma Carlos Cordeiro, presidente da Contraf-CUT e coordenador do Comando Nacional.<\/p>\n<p>A Fenaban tamb\u00e9m apresentar\u00e1 a estat\u00edstica semestral de assaltos a bancos referente ao primeiro semestre de 2014, conforme estabelece a cl\u00e1usula 32\u00aa da Conven\u00e7\u00e3o Coletiva de Trabalho (CCT).<\/p>\n<p><strong>Reuni\u00e3o preparat\u00f3ria<\/strong><\/p>\n<p>Tamb\u00e9m nesta quarta, \u00e0s 9h30, o Comando Nacional e o Coletivo Nacional de Seguran\u00e7a Banc\u00e1ria se encontram, na sede da Contraf-CUT, para preparar os debates com os bancos.<\/p>\n<p>Fonte: Contraf-CUT<\/p>\n","protected":false},"excerpt":{"rendered":"<p>O Comando Nacional dos Banc\u00e1rios, coordenado pela Contraf-CUT, e o Coletivo Nacional de Seguran\u00e7a Banc\u00e1ria, se re\u00fanem nesta quarta-feira (23), \u00e0s 15 horas, com a Fenaban, em S\u00e3o Paulo, para fazer a avalia\u00e7\u00e3o nacional do Projeto-piloto de Seguran\u00e7a Banc\u00e1ria. Conquistado nas negocia\u00e7\u00f5es da Campanha Nacional 2012, a iniciativa est\u00e1 em andamento em 209 ag\u00eancias de [&hellip;]<\/p>\n","protected":false},"author":1,"featured_media":0,"comment_status":"","ping_status":"","sticky":false,"template":"","format":"standard","meta":{"footnotes":""},"categories":[3],"tags":[],"class_list":["post-1551","post","type-post","status-publish","format-standard","hentry","category-noticias"],"_links":{"self":[{"href":"https:\/\/hostnetart.com.br\/baixada\/wp-json\/wp\/v2\/posts\/1551","targetHints":{"allow":["GET"]}}],"collection":[{"href":"https:\/\/hostnetart.com.br\/baixada\/wp-json\/wp\/v2\/posts"}],"about":[{"href":"https:\/\/hostnetart.com.br\/baixada\/wp-json\/wp\/v2\/types\/post"}],"author":[{"embeddable":true,"href":"https:\/\/hostnetart.com.br\/baixada\/wp-json\/wp\/v2\/users\/1"}],"replies":[{"embeddable":true,"href":"https:\/\/hostnetart.com.br\/baixada\/wp-json\/wp\/v2\/comments?post=1551"}],"version-history":[{"count":0,"href":"https:\/\/hostnetart.com.br\/baixada\/wp-json\/wp\/v2\/posts\/1551\/revisions"}],"wp:attachment":[{"href":"https:\/\/hostnetart.com.br\/baixada\/wp-json\/wp\/v2\/media?parent=1551"}],"wp:term":[{"taxonomy":"category","embeddable":true,"href":"https:\/\/hostnetart.com.br\/baixada\/wp-json\/wp\/v2\/categories?post=1551"},{"taxonomy":"post_tag","embeddable":true,"href":"https:\/\/hostnetart.com.br\/baixada\/wp-json\/wp\/v2\/tags?post=1551"}],"curies":[{"name":"wp","href":"https:\/\/api.w.org\/{rel}","templated":true}]}}