{"id":15508,"date":"2024-07-09T14:19:00","date_gmt":"2024-07-09T17:19:00","guid":{"rendered":"https:\/\/hostnetart.com.br\/baixada\/financiarios-e-acrefi-definem-calendario-de-negociacoes-da-campanha-nacional-2024\/"},"modified":"2024-07-09T14:19:00","modified_gmt":"2024-07-09T17:19:00","slug":"financiarios-e-acrefi-definem-calendario-de-negociacoes-da-campanha-nacional-2024","status":"publish","type":"post","link":"https:\/\/hostnetart.com.br\/baixada\/financiarios-e-acrefi-definem-calendario-de-negociacoes-da-campanha-nacional-2024\/","title":{"rendered":"Financi\u00e1rios e Acrefi definem calend\u00e1rio de negocia\u00e7\u00f5es da Campanha Nacional 2024"},"content":{"rendered":"<\/p>\n<p>Na tarde de sexta-feira (5), os financi\u00e1rios se reuniram com a Associa\u00e7\u00e3o Nacional das Institui\u00e7\u00f5es de Cr\u00e9dito, Financiamento e Investimento (Acrefi) para a segunda reuni\u00e3o da Campanha Nacional 2024 da categoria. O principal resultado do encontro foi a defini\u00e7\u00e3o do calend\u00e1rio das negocia\u00e7\u00f5es. Veja as datas abaixo.<\/p>\n<p>O coordenador do Coletivo Nacional dos Financi\u00e1rios da Confedera\u00e7\u00e3o Nacional dos Trabalhadores do Ramo Financeiro (Contraf-CUT), Jair Alves, destacou a import\u00e2ncia da reuni\u00e3o. &#8220;O principal objetivo deste encontro era estabelecer o calend\u00e1rio e os pontos de discuss\u00e3o para avan\u00e7armos na mesa de negocia\u00e7\u00e3o. Agora, podemos nos preparar efetivamente para todos os encontros e avan\u00e7ar nos temas,&#8221; afirmou Alves.<\/p>\n<p>Para Magaly Fagundes, secret\u00e1ria de Organiza\u00e7\u00e3o do Ramo Financeiro e Pol\u00edtica Sindical da Contraf-CUT, a constru\u00e7\u00e3o do calend\u00e1rio representou um avan\u00e7o essencial. &#8220;Com as datas de negocia\u00e7\u00f5es definidas, podemos nos programar para dividir os encontros por temas. Isso nos permitir\u00e1 buscar avan\u00e7os importantes para os trabalhadores e finalizar a Campanha Nacional 2024 o quanto antes,&#8221; explicou.<\/p>\n<h1><strong>Rosto dos financi\u00e1rios<\/strong><\/h1>\n<p>Durante o encontro, o movimento sindical solicitou a organiza\u00e7\u00e3o de uma pesquisa sobre a categoria, com o objetivo de compreender mais profundamente os trabalhadores que a comp\u00f5em. &#8220;A iniciativa visa obter um perfil detalhado dos financi\u00e1rios, suas necessidades e desafios, fortalecendo assim as negocia\u00e7\u00f5es futuras,&#8221; explicou Jair Alves.<\/p>\n<p>Magaly Fagundes ressaltou que tamb\u00e9m foi reivindicada a lista das empresas que ser\u00e3o signat\u00e1rias da Conven\u00e7\u00e3o Coletiva de Trabalho, bem como o n\u00famero de trabalhadores em cada uma delas.<\/p>\n<h1><strong>Calend\u00e1rio de Negocia\u00e7\u00f5es:<\/strong><\/h1>\n<p>12\/07 \u2013 Cl\u00e1usulas sociais\/ Igualdade de oportunidades (Tarde)<\/p>\n<p>16\/07 \u2013 Emprego (Manh\u00e3)<\/p>\n<p>19\/07 \u2013 Sa\u00fade e condi\u00e7\u00f5es de trabalho (Tarde)<\/p>\n<p>23\/07 \u2013 Cl\u00e1usulas econ\u00f4micas (Manh\u00e3)<\/p>\n<p>30\/07 \u2013 Cl\u00e1usulas econ\u00f4micas (Tarde)<\/p>\n<p><strong>Fonte: Contraf-CUT<\/strong><\/p>\n","protected":false},"excerpt":{"rendered":"<p>Na tarde de sexta-feira (5), os financi\u00e1rios se reuniram com a Associa\u00e7\u00e3o Nacional das Institui\u00e7\u00f5es de Cr\u00e9dito, Financiamento e Investimento (Acrefi) para a segunda reuni\u00e3o da Campanha Nacional 2024 da categoria. O principal resultado do encontro foi a defini\u00e7\u00e3o do calend\u00e1rio das negocia\u00e7\u00f5es. Veja as datas abaixo. O coordenador do Coletivo Nacional dos Financi\u00e1rios da [&hellip;]<\/p>\n","protected":false},"author":2,"featured_media":15507,"comment_status":"","ping_status":"","sticky":false,"template":"","format":"standard","meta":{"footnotes":""},"categories":[3],"tags":[],"class_list":["post-15508","post","type-post","status-publish","format-standard","has-post-thumbnail","hentry","category-noticias"],"_links":{"self":[{"href":"https:\/\/hostnetart.com.br\/baixada\/wp-json\/wp\/v2\/posts\/15508","targetHints":{"allow":["GET"]}}],"collection":[{"href":"https:\/\/hostnetart.com.br\/baixada\/wp-json\/wp\/v2\/posts"}],"about":[{"href":"https:\/\/hostnetart.com.br\/baixada\/wp-json\/wp\/v2\/types\/post"}],"author":[{"embeddable":true,"href":"https:\/\/hostnetart.com.br\/baixada\/wp-json\/wp\/v2\/users\/2"}],"replies":[{"embeddable":true,"href":"https:\/\/hostnetart.com.br\/baixada\/wp-json\/wp\/v2\/comments?post=15508"}],"version-history":[{"count":0,"href":"https:\/\/hostnetart.com.br\/baixada\/wp-json\/wp\/v2\/posts\/15508\/revisions"}],"wp:featuredmedia":[{"embeddable":true,"href":"https:\/\/hostnetart.com.br\/baixada\/wp-json\/wp\/v2\/media\/15507"}],"wp:attachment":[{"href":"https:\/\/hostnetart.com.br\/baixada\/wp-json\/wp\/v2\/media?parent=15508"}],"wp:term":[{"taxonomy":"category","embeddable":true,"href":"https:\/\/hostnetart.com.br\/baixada\/wp-json\/wp\/v2\/categories?post=15508"},{"taxonomy":"post_tag","embeddable":true,"href":"https:\/\/hostnetart.com.br\/baixada\/wp-json\/wp\/v2\/tags?post=15508"}],"curies":[{"name":"wp","href":"https:\/\/api.w.org\/{rel}","templated":true}]}}