{"id":15502,"date":"2024-07-05T20:50:46","date_gmt":"2024-07-05T23:50:46","guid":{"rendered":"https:\/\/hostnetart.com.br\/baixada\/jornada-e-teletrabalho-serao-pauta-de-negociacao-com-a-caixa\/"},"modified":"2024-07-05T20:50:46","modified_gmt":"2024-07-05T23:50:46","slug":"jornada-e-teletrabalho-serao-pauta-de-negociacao-com-a-caixa","status":"publish","type":"post","link":"https:\/\/hostnetart.com.br\/baixada\/jornada-e-teletrabalho-serao-pauta-de-negociacao-com-a-caixa\/","title":{"rendered":"Jornada e teletrabalho ser\u00e3o pauta de negocia\u00e7\u00e3o com a Caixa"},"content":{"rendered":"<p>\u00a0<\/p>\n<p>A pr\u00f3xima reuni\u00e3o de negocia\u00e7\u00e3o entre a representa\u00e7\u00e3o das empregadas e empregados com a Caixa Econ\u00f4mica Federal, para a renova\u00e7\u00e3o do Acordo Coletivo de Trabalho (ACT) espec\u00edfico dos trabalhadores do banco ser\u00e1 na sexta-feira (12). Em pauta estar\u00e3o temas relacionados \u00e0 jornada de trabalho e \u00e0 manuten\u00e7\u00e3o dos mesmos direitos de quem trabalha presencialmente para quem cumpre sua jornada de forma remota.<\/p>\n<p>Os temas s\u00e3o tratados nos artigos 8\u00ba, 9\u00ba, 10, 23, 24, 33, 37, 61, 68 e 70 da <a href=\"https:\/\/contrafcut.com.br\/noticias\/39-conecef-define-reivindicacoes-especificas-para-a-caixa\/\" target=\"_blank\" rel=\"noopener noreferrer\">pauta de reivindica\u00e7\u00f5es aprovada<\/a>\u00a0durante o 39\u00ba Congresso dos Empregados da Caixa (Conecef) e <a href=\"https:\/\/contrafcut.com.br\/noticias\/26-conferencia-nacional-aprova-reivindicacoes-da-campanha\/\" target=\"_blank\" rel=\"noopener noreferrer\">ratificada pela 26\u00aa Confer\u00eancia Nacional dos Banc\u00e1rios<\/a>, que ocorreram, em S\u00e3o Paulo, entre os dias 4 a 6 e 7 a 9 de junho, respectivamente.<\/p>\n<p>\u201cS\u00e3o temas importantes, que sequer precisariam ser debatidos se a Caixa cumprisse o que determina a legisla\u00e7\u00e3o espec\u00edfica. Um exemplo disso \u00e9 quando o banco deixa de pagar horas-extras, que pediu para o empregado fazer, por n\u00e3o haver dota\u00e7\u00e3o de recursos para pag\u00e1-las. Com isso, o empregado trabalha a pedido do banco, mas n\u00e3o recebe pelo trabalho realizado\u201d, explicou o diretor da Confedera\u00e7\u00e3o Nacional dos Trabalhadores do Ramo Financeiro (Contraf-CUT) e coordenador Comiss\u00e3o Executiva dos Empregados (CEE) da Caixa, Rafael de Castro.<\/p>\n<p>\u201cTamb\u00e9m queremos que os direitos estabelecidos na Conven\u00e7\u00e3o Coletiva de Trabalho da categoria e no ACT sejam v\u00e1lidos para todas as empregadas e empregados, seja o trabalho realizado presencialmente, ou de forma remota, em teletrabalho\u201d, completou Rafael.<\/p>\n<h2><strong>Jornada de quatro dias<\/strong><\/h2>\n<p>As empregadas e empregados da Caixa, assim como toda a categoria banc\u00e1ria, tamb\u00e9m reivindicam a manuten\u00e7\u00e3o da abertura das ag\u00eancias de segunda a sexta-feira, mas que cada trabalhador cumpra sua jornada di\u00e1ria de cinco horas em apenas quatro dias por semana.<\/p>\n<p>\u201cA sobrecarga de trabalho e a baixa qualidade de vida levam ao adoecimento f\u00edsico e mental, como o estresse e a estafa. Esses transtornos t\u00eam levando ao sofrimento e a mais adoecimento e isso pode culminar em trag\u00e9dias irremedi\u00e1veis\u201d, disse a diretora executiva da Contraf-CUT, Eliana Brasil. \u201cUma semana de quatro dias possibilita a constru\u00e7\u00e3o de uma sociedade mais saud\u00e1vel\u201d, completou.<\/p>\n<p>Pesquisas realizadas pela Contraf-CUT, em parceria com a Universidade de Bras\u00edlia (UnB) e com o Departamento Intersindical de Estat\u00edstica e Estudos Socioecon\u00f4micos (Dieese) apontam que a categoria banc\u00e1ria \u00e9 a mais acometida por doen\u00e7as mentais relacionadas ao trabalho.<\/p>\n<h2><strong>N\u00e3o \u00e9 novidade!<\/strong><\/h2>\n<p>E a redu\u00e7\u00e3o de jornada para quatro dias semanais n\u00e3o \u00e9 uma novidade reivindicada pela categoria banc\u00e1ria. Experi\u00eancias realizadas em empresas no Brasil e fora do pa\u00eds mostram impactos positivos, tanto na qualidade de vida dos trabalhadores, quanto para as pr\u00f3prias empresas.<\/p>\n<p><a href=\"https:\/\/istoedinheiro.com.br\/jornada-reduzida-de-trabalho-pode-melhorar-saude-mental-de-funcionarios\/\" target=\"_blank\" rel=\"noopener noreferrer\">O primeiro pa\u00eds a adotar a jornada reduzida foi a Isl\u00e2ndia<\/a>, ap\u00f3s experi\u00eancia iniciada em 2015. Em 2022, o governo da Espanha iniciou projetos pilotos em empresas do setor industrial. <a href=\"https:\/\/www.cnnbrasil.com.br\/economia\/macroeconomia\/semana-de-4-dias-de-trabalho-foi-sucesso-dizem-organizadores-do-piloto-global\/\" target=\"_blank\" rel=\"noopener noreferrer\">Nos Estados Unidos e na Irlanda<\/a>, ap\u00f3s uma experi\u00eancia de seis meses, implementada pela organiza\u00e7\u00e3o n\u00e3o governamental 4 Day Week Global, 27 empresas decidiram n\u00e3o voltar mais \u00e0 jornada de cinco dias semanais.<\/p>\n<p>Em todas as experi\u00eancias citadas houve crescimento na receita das empresas, com melhoria na produtividade dos funcion\u00e1rios. Estes, por sua vez, ficaram mais satisfeitos, apresentaram melhorias na sa\u00fade f\u00edsica e mental, ficaram menos esgotados, tiveram menos ins\u00f4nia e fadiga.<\/p>\n<p><a href=\"https:\/\/g1.globo.com\/trabalho-e-carreira\/noticia\/2024\/04\/30\/semana-de-4-dias-empresas-que-reduziram-expediente-relatam-serie-de-melhorias-apos-tres-meses-de-teste.ghtml\" target=\"_blank\" rel=\"noopener noreferrer\">No Brasil<\/a>, a <em>4 Day Week Global<\/em> iniciou testes com 21 empresas em janeiro de 2024. Resultados parciais mostram que 61,5% delas tiveram melhoria na execu\u00e7\u00e3o de projetos; 58,5% na criatividade e inova\u00e7\u00e3o; 44,4% na capacidade de cumprir prazos; 33,3% na capacidade de angariar clientes.<\/p>\n<p>\u201cE n\u00e3o h\u00e1 que se falar em perdas para o banco. Com empregados mais satisfeitos, melhorias na sa\u00fade e na capacidade de gerar neg\u00f3cios, todos devem sair ganhando, inclusive o banco\u201d, observou Rafael de Castro.\u00a0<\/p>\n<h2><strong>Negocia\u00e7\u00f5es com a Caixa<\/strong><\/h2>\n<p>As negocia\u00e7\u00f5es para a renova\u00e7\u00e3o do ACT das empregadas e empregados da Caixa ser\u00e3o realizadas no dia seguinte ao das reuni\u00f5es entre o Comando Nacional dos Banc\u00e1rios e a Federa\u00e7\u00e3o Nacional dos Bancos (Fenaban) para a renova\u00e7\u00e3o da Conven\u00e7\u00e3o Coletiva de Trabalho da categoria banc\u00e1ria. Segue abaixo o cronograma.<\/p>\n<p><strong>Julho<\/strong><br \/>12 de julho<br \/>19 de julho<br \/>26 de julho<\/p>\n<p><strong>Agosto<\/strong><br \/>7 de agosto<br \/>14 de agosto<br \/>21 de agosto<br \/>28 de agosto<\/p>\n<p><b>Fonte: Contraf-CUT<\/b><\/p>\n","protected":false},"excerpt":{"rendered":"<p>\u00a0 A pr\u00f3xima reuni\u00e3o de negocia\u00e7\u00e3o entre a representa\u00e7\u00e3o das empregadas e empregados com a Caixa Econ\u00f4mica Federal, para a renova\u00e7\u00e3o do Acordo Coletivo de Trabalho (ACT) espec\u00edfico dos trabalhadores do banco ser\u00e1 na sexta-feira (12). Em pauta estar\u00e3o temas relacionados \u00e0 jornada de trabalho e \u00e0 manuten\u00e7\u00e3o dos mesmos direitos de quem trabalha presencialmente [&hellip;]<\/p>\n","protected":false},"author":2,"featured_media":15501,"comment_status":"","ping_status":"","sticky":false,"template":"","format":"standard","meta":{"footnotes":""},"categories":[3],"tags":[],"class_list":["post-15502","post","type-post","status-publish","format-standard","has-post-thumbnail","hentry","category-noticias"],"_links":{"self":[{"href":"https:\/\/hostnetart.com.br\/baixada\/wp-json\/wp\/v2\/posts\/15502","targetHints":{"allow":["GET"]}}],"collection":[{"href":"https:\/\/hostnetart.com.br\/baixada\/wp-json\/wp\/v2\/posts"}],"about":[{"href":"https:\/\/hostnetart.com.br\/baixada\/wp-json\/wp\/v2\/types\/post"}],"author":[{"embeddable":true,"href":"https:\/\/hostnetart.com.br\/baixada\/wp-json\/wp\/v2\/users\/2"}],"replies":[{"embeddable":true,"href":"https:\/\/hostnetart.com.br\/baixada\/wp-json\/wp\/v2\/comments?post=15502"}],"version-history":[{"count":0,"href":"https:\/\/hostnetart.com.br\/baixada\/wp-json\/wp\/v2\/posts\/15502\/revisions"}],"wp:featuredmedia":[{"embeddable":true,"href":"https:\/\/hostnetart.com.br\/baixada\/wp-json\/wp\/v2\/media\/15501"}],"wp:attachment":[{"href":"https:\/\/hostnetart.com.br\/baixada\/wp-json\/wp\/v2\/media?parent=15502"}],"wp:term":[{"taxonomy":"category","embeddable":true,"href":"https:\/\/hostnetart.com.br\/baixada\/wp-json\/wp\/v2\/categories?post=15502"},{"taxonomy":"post_tag","embeddable":true,"href":"https:\/\/hostnetart.com.br\/baixada\/wp-json\/wp\/v2\/tags?post=15502"}],"curies":[{"name":"wp","href":"https:\/\/api.w.org\/{rel}","templated":true}]}}