{"id":15498,"date":"2024-07-05T16:02:57","date_gmt":"2024-07-05T19:02:57","guid":{"rendered":"https:\/\/hostnetart.com.br\/baixada\/funcef-equacionamento-deve-ser-debatido-com-empregados\/"},"modified":"2024-07-05T16:02:57","modified_gmt":"2024-07-05T19:02:57","slug":"funcef-equacionamento-deve-ser-debatido-com-empregados","status":"publish","type":"post","link":"https:\/\/hostnetart.com.br\/baixada\/funcef-equacionamento-deve-ser-debatido-com-empregados\/","title":{"rendered":"Funcef: Equacionamento deve ser debatido com empregados"},"content":{"rendered":"<\/p>\n<p>A Confedera\u00e7\u00e3o Nacional dos Trabalhadores do Ramo Financeiro (Contraf-CUT), acompanhada pela Federa\u00e7\u00e3o Nacional das Associa\u00e7\u00f5es do Pessoal da Caixa (Fenae) e pela Associa\u00e7\u00e3o Nacional dos Participantes de Fundos de Pens\u00e3o e dos Benefici\u00e1rios de Sa\u00fade Suplementar de Autogest\u00e3o (Anapar), se reuniu, na quarta-feira (3), com a Funda\u00e7\u00e3o dos Economi\u00e1rios Federais (Funcef) para debater sobre o equacionamento dos d\u00e9ficits do plano de pens\u00e3o REG\/Replan Saldado.<br \/>A reuni\u00e3o ocorreu depois que\u00a0<a href=\"https:\/\/contrafcut.com.br\/noticias\/caixa-e-funcef-precisam-fornecer-dados-aos-participantes\/\" target=\"_blank\" rel=\"noopener noreferrer\">a Contraf-CUT e a Fenae se recusaram a participar da apresenta\u00e7\u00e3o<\/a>\u00a0de uma proposta de equacionamento que retirava direitos dos participantes dos planos de pens\u00e3o, que havia sido constru\u00edda pela Funcef e pela Caixa Econ\u00f4mica Federal sem a participa\u00e7\u00e3o e sem apresentar previamente nenhum dado \u00e0s entidades de representa\u00e7\u00e3o sindical e associativas das empregadas e empregados.<br \/>\u201cDeixamos claro para a Funcef que qualquer proposta a ser negociada dever\u00e1 ser constru\u00edda em conjunto com a Comiss\u00e3o Executiva dos Empregados (CEE) da Caixa, que assessora o Comando Nacional dos Banc\u00e1rios, e amplamente debatida pelas empregadas e empregados, tanto da ativa quanto aposentados\u201d, disse a diretora executiva da Contraf-CUT, Eliana Brasil.<br \/>\u201c\u00c9 importante destacar que a reuni\u00e3o de hoje n\u00e3o foi uma negocia\u00e7\u00e3o, mas uma apresenta\u00e7\u00e3o da Funcef sobre dados da meta atuarial. A negocia\u00e7\u00e3o efetiva de uma proposta justa precisa passar pela Comiss\u00e3o de Empregados, que tem a prerrogativa para negociar\u201d, afirmou o presidente da Fenae, Sergio Takemoto.<\/p>\n<h2><strong>Sem retirar direitos<\/strong><\/h2>\n<p>Os n\u00fameros apresentados pela Funcef durante a reuni\u00e3o confirmam que um pequeno\u00a0<a href=\"https:\/\/www.fenae.org.br\/portal\/fenae-portal\/aumento-da-meta-atuarial-e-um-dos-caminhos-para-reduzir-equacionamento-8A19A3048F3E65D3018F6415AA395AC3-00.htm\" target=\"_blank\" rel=\"noopener noreferrer\">aumento da meta atuarial praticamente zeraria o d\u00e9ficit<\/a>\u00a0n\u00e3o equacionado de 2023 do plano REG\/Replan Saldado, sem a necessidade de retirada de direitos dos participantes dos planos de pens\u00e3o da Funcef, como previa a proposta constru\u00edda pela Funcef e pela Caixa, sem a participa\u00e7\u00e3o da representa\u00e7\u00e3o dos participantes dos fundos, que s\u00e3o os verdadeiros donos do patrim\u00f4nio dos fundos.<br \/>\u201cAs demonstra\u00e7\u00f5es da Funcef apontam que um aumento de 0,35 ponto percentual seria suficiente para que o resultado de 2023 chegasse ao equil\u00edbrio t\u00e9cnico do plano ap\u00f3s os ajustes de precifica\u00e7\u00e3o. Esse aumento impactaria positivamente em cerca de R$ 2,7 bilh\u00f5es no resultado do plano do ano passado\u201d, explicou o diretor de Sa\u00fade e Previd\u00eancia da Fenae, Leonardo Quadros, ao observar que as demonstra\u00e7\u00f5es da Funcef confirmam que h\u00e1 caminhos para uma proposta melhor para solucionar o equacionamento. \u201cE essa discuss\u00e3o n\u00e3o pode parar. Ainda precisamos debater o contencioso e outros assuntos relevantes para garantir os direitos dos participantes\u201d, continuou.<br \/>A Funcef informou que estuda a proposta de revis\u00e3o da meta atuarial feita pelas entidades de representa\u00e7\u00e3o dos trabalhadores, sem deixar de considerar outras vari\u00e1veis que n\u00e3o comprometam o alcance da meta.<\/p>\n<h2><strong>Acesso aos documentos<\/strong><\/h2>\n<p>A representa\u00e7\u00e3o das empregadas e empregados da Caixa solicitou, mais uma vez, o acesso aos documentos que embasaram os estudos da meta atuarial, inclusive aqueles que permitiram a redu\u00e7\u00e3o da taxa de juros em 2017. \u201cSe os documentos s\u00e3o enviados para a Caixa, tamb\u00e9m devem estar dispon\u00edveis para os participantes\u201d, ressaltou o diretor da Anapar, Ant\u00f4nio Braulio de Carvalho. \u201cEstamos reivindicando nossa posi\u00e7\u00e3o de s\u00f3cios, assim como a Caixa, com direito \u00e0 informa\u00e7\u00e3o. Precisamos estar a par das discuss\u00f5es e o participante deve ser um elemento ativo nesse processo\u201d, completou.<br \/>A reuni\u00e3o desta quarta-feira foi a primeira de tr\u00eas encontros programados. Na pr\u00f3xima semana, no dia 9 de julho, o tema ser\u00e1 o contencioso.<\/p>\n<p><strong>Fonte: Contraf-CUT<\/strong><\/p>\n","protected":false},"excerpt":{"rendered":"<p>A Confedera\u00e7\u00e3o Nacional dos Trabalhadores do Ramo Financeiro (Contraf-CUT), acompanhada pela Federa\u00e7\u00e3o Nacional das Associa\u00e7\u00f5es do Pessoal da Caixa (Fenae) e pela Associa\u00e7\u00e3o Nacional dos Participantes de Fundos de Pens\u00e3o e dos Benefici\u00e1rios de Sa\u00fade Suplementar de Autogest\u00e3o (Anapar), se reuniu, na quarta-feira (3), com a Funda\u00e7\u00e3o dos Economi\u00e1rios Federais (Funcef) para debater sobre o [&hellip;]<\/p>\n","protected":false},"author":2,"featured_media":15497,"comment_status":"","ping_status":"","sticky":false,"template":"","format":"standard","meta":{"footnotes":""},"categories":[3],"tags":[],"class_list":["post-15498","post","type-post","status-publish","format-standard","has-post-thumbnail","hentry","category-noticias"],"_links":{"self":[{"href":"https:\/\/hostnetart.com.br\/baixada\/wp-json\/wp\/v2\/posts\/15498","targetHints":{"allow":["GET"]}}],"collection":[{"href":"https:\/\/hostnetart.com.br\/baixada\/wp-json\/wp\/v2\/posts"}],"about":[{"href":"https:\/\/hostnetart.com.br\/baixada\/wp-json\/wp\/v2\/types\/post"}],"author":[{"embeddable":true,"href":"https:\/\/hostnetart.com.br\/baixada\/wp-json\/wp\/v2\/users\/2"}],"replies":[{"embeddable":true,"href":"https:\/\/hostnetart.com.br\/baixada\/wp-json\/wp\/v2\/comments?post=15498"}],"version-history":[{"count":0,"href":"https:\/\/hostnetart.com.br\/baixada\/wp-json\/wp\/v2\/posts\/15498\/revisions"}],"wp:featuredmedia":[{"embeddable":true,"href":"https:\/\/hostnetart.com.br\/baixada\/wp-json\/wp\/v2\/media\/15497"}],"wp:attachment":[{"href":"https:\/\/hostnetart.com.br\/baixada\/wp-json\/wp\/v2\/media?parent=15498"}],"wp:term":[{"taxonomy":"category","embeddable":true,"href":"https:\/\/hostnetart.com.br\/baixada\/wp-json\/wp\/v2\/categories?post=15498"},{"taxonomy":"post_tag","embeddable":true,"href":"https:\/\/hostnetart.com.br\/baixada\/wp-json\/wp\/v2\/tags?post=15498"}],"curies":[{"name":"wp","href":"https:\/\/api.w.org\/{rel}","templated":true}]}}