{"id":15496,"date":"2024-07-04T16:07:04","date_gmt":"2024-07-04T19:07:04","guid":{"rendered":"https:\/\/hostnetart.com.br\/baixada\/funcionarios-do-banco-do-brasil-voltam-a-se-reunir-com-bb-para-negociacoes-da-campanha-nacional-2024\/"},"modified":"2024-07-04T16:07:04","modified_gmt":"2024-07-04T19:07:04","slug":"funcionarios-do-banco-do-brasil-voltam-a-se-reunir-com-bb-para-negociacoes-da-campanha-nacional-2024","status":"publish","type":"post","link":"https:\/\/hostnetart.com.br\/baixada\/funcionarios-do-banco-do-brasil-voltam-a-se-reunir-com-bb-para-negociacoes-da-campanha-nacional-2024\/","title":{"rendered":"Funcion\u00e1rios do Banco do Brasil voltam a se reunir com BB para negocia\u00e7\u00f5es da Campanha Nacional 2024"},"content":{"rendered":"<p>A Comiss\u00e3o de Empresa dos Funcion\u00e1rios do Banco do Brasil (CEBB) se reuniu com a dire\u00e7\u00e3o do Banco do Brasil (BB) no final da tarde desta quarta-feira (3), em Bras\u00edlia, para continuar as negocia\u00e7\u00f5es da Campanha Nacional 2024, focadas na renova\u00e7\u00e3o do Acordo Coletivo de Trabalho (ACT). O encontro ocorreu logo ap\u00f3s a decis\u00e3o do Tribunal Regional do Trabalho (TRT) que cassou a liminar garantindo a gratifica\u00e7\u00e3o dos caixas do banco.<\/p>\n<p>A CEBB reafirmou que, independentemente da decis\u00e3o do TRT, n\u00e3o aceitar\u00e1 nenhuma redu\u00e7\u00e3o na gratifica\u00e7\u00e3o dos caixas. Em resposta, a dire\u00e7\u00e3o do Banco do Brasil informou que n\u00e3o tomar\u00e1 nenhuma decis\u00e3o at\u00e9 receber o ac\u00f3rd\u00e3o da decis\u00e3o do TRT e se comprometeu a n\u00e3o implementar nenhuma mudan\u00e7a sem antes o assunto ser debatido em mesa de negocia\u00e7\u00e3o.<\/p>\n<p>&#8220;Abrimos a mesa destacando que n\u00e3o aceitar\u00edamos a redu\u00e7\u00e3o do sal\u00e1rio dos caixas, independente da liminar. N\u00f3s sempre ressaltamos que gostar\u00edamos que a quest\u00e3o fosse resolvida em mesa de negocia\u00e7\u00e3o, n\u00e3o por vias judiciais e essa continua sendo nossa posi\u00e7\u00e3o&#8221;, afirmou a funcion\u00e1ria do BB e coordenadora da CEBB, Fernanda Lopes.<\/p>\n<p>Outro tema central da reuni\u00e3o foi o Performa. O movimento sindical destacou a import\u00e2ncia dessa pauta e a colocou como prioridade em rela\u00e7\u00e3o \u00e0s demais discuss\u00f5es da campanha salarial. \u201cPontuamos que a revis\u00e3o do Performa \u00e9 hoje uma das principais demandas dos colegas. Essa atrocidade causou estagna\u00e7\u00e3o na carreira e ativa a gest\u00e3o pelo medo no BB. Esperamos uma solu\u00e7\u00e3o na mesa de negocia\u00e7\u00e3o que permita \u00e0s pessoas a crescerem na carreira&#8221;, pontuou Gustavo Tabatinga J\u00fanior, secret\u00e1rio-geral e representante da Confedera\u00e7\u00e3o Nacional dos Trabalhadores do Ramo Financeiro (Contraf-CUT) na CEBB. A dire\u00e7\u00e3o do banco demonstrou disposi\u00e7\u00e3o para revisar o plano de cargos e sal\u00e1rios.<\/p>\n<p>A terceiriza\u00e7\u00e3o tamb\u00e9m foi discutida. A CEBB apresentou os impactos negativos que a terceiriza\u00e7\u00e3o tem para clientes e funcion\u00e1rios do banco e refor\u00e7ou a import\u00e2ncia de um banco p\u00fablico que atenda a popula\u00e7\u00e3o com seu pr\u00f3prio quadro de funcion\u00e1rios, independentemente das condi\u00e7\u00f5es financeiras para adquirir produtos e fazer neg\u00f3cios.<\/p>\n<p>Al\u00e9m desses t\u00f3picos, foi discutido o concurso em estudo para novos agentes comerciais. A dire\u00e7\u00e3o do BB informou que todos os agentes comerciais j\u00e1 foram convocados, mas ainda restam pessoas a serem chamadas para o concurso de tecnologia.<\/p>\n<p><strong>Fonte: Contraf-CUT<\/strong><\/p>\n","protected":false},"excerpt":{"rendered":"<p>A Comiss\u00e3o de Empresa dos Funcion\u00e1rios do Banco do Brasil (CEBB) se reuniu com a dire\u00e7\u00e3o do Banco do Brasil (BB) no final da tarde desta quarta-feira (3), em Bras\u00edlia, para continuar as negocia\u00e7\u00f5es da Campanha Nacional 2024, focadas na renova\u00e7\u00e3o do Acordo Coletivo de Trabalho (ACT). O encontro ocorreu logo ap\u00f3s a decis\u00e3o do [&hellip;]<\/p>\n","protected":false},"author":2,"featured_media":15495,"comment_status":"","ping_status":"","sticky":false,"template":"","format":"standard","meta":{"footnotes":""},"categories":[3],"tags":[],"class_list":["post-15496","post","type-post","status-publish","format-standard","has-post-thumbnail","hentry","category-noticias"],"_links":{"self":[{"href":"https:\/\/hostnetart.com.br\/baixada\/wp-json\/wp\/v2\/posts\/15496","targetHints":{"allow":["GET"]}}],"collection":[{"href":"https:\/\/hostnetart.com.br\/baixada\/wp-json\/wp\/v2\/posts"}],"about":[{"href":"https:\/\/hostnetart.com.br\/baixada\/wp-json\/wp\/v2\/types\/post"}],"author":[{"embeddable":true,"href":"https:\/\/hostnetart.com.br\/baixada\/wp-json\/wp\/v2\/users\/2"}],"replies":[{"embeddable":true,"href":"https:\/\/hostnetart.com.br\/baixada\/wp-json\/wp\/v2\/comments?post=15496"}],"version-history":[{"count":0,"href":"https:\/\/hostnetart.com.br\/baixada\/wp-json\/wp\/v2\/posts\/15496\/revisions"}],"wp:featuredmedia":[{"embeddable":true,"href":"https:\/\/hostnetart.com.br\/baixada\/wp-json\/wp\/v2\/media\/15495"}],"wp:attachment":[{"href":"https:\/\/hostnetart.com.br\/baixada\/wp-json\/wp\/v2\/media?parent=15496"}],"wp:term":[{"taxonomy":"category","embeddable":true,"href":"https:\/\/hostnetart.com.br\/baixada\/wp-json\/wp\/v2\/categories?post=15496"},{"taxonomy":"post_tag","embeddable":true,"href":"https:\/\/hostnetart.com.br\/baixada\/wp-json\/wp\/v2\/tags?post=15496"}],"curies":[{"name":"wp","href":"https:\/\/api.w.org\/{rel}","templated":true}]}}