{"id":15494,"date":"2024-07-04T16:05:24","date_gmt":"2024-07-04T19:05:24","guid":{"rendered":"https:\/\/hostnetart.com.br\/baixada\/dirigentes-das-americas-discutem-grandes-desafios-ao-movimento-sindical\/"},"modified":"2024-07-04T16:05:24","modified_gmt":"2024-07-04T19:05:24","slug":"dirigentes-das-americas-discutem-grandes-desafios-ao-movimento-sindical","status":"publish","type":"post","link":"https:\/\/hostnetart.com.br\/baixada\/dirigentes-das-americas-discutem-grandes-desafios-ao-movimento-sindical\/","title":{"rendered":"Dirigentes das Am\u00e9ricas discutem grandes desafios ao movimento sindical"},"content":{"rendered":"<p>Capacita\u00e7\u00e3o de jovens dirigentes e os desafios para uma transi\u00e7\u00e3o justa para esse grupo, diante das mudan\u00e7as impostas pela revolu\u00e7\u00e3o tecnol\u00f3gica no mercado de trabalho e pela crise ambiental, negocia\u00e7\u00e3o coletiva, considerando o modelo tripartite, direitos trabalhistas para os imigrantes e igualdade de g\u00eanero. Esses foram alguns dos temas abordados no encontro do Comit\u00ea Executivo da UNI Am\u00e9ricas, que aconteceu nos dias 26 e 27 de junho, na capital do Uruguai, Montevid\u00e9u.<\/p>\n<p>O evento reuniu 84 sindicalistas, representantes de trabalhadoras e trabalhadores de 13 pa\u00edses das am\u00e9ricas. Participaram do encontro, representando a delega\u00e7\u00e3o brasileira, a secret\u00e1ria de Rela\u00e7\u00f5es Internacionais da Confedera\u00e7\u00e3o Nacional dos Trabalhadores do Ramo Financeiro (Contraf-CUT), Rita Berlofa, a secret\u00e1ria da Mulher da Contraf-CUT, Fernanda Lopes, e a secret\u00e1ria-geral do Sindicato dos Banc\u00e1rios de S\u00e3o Paulo, Osasco e Regi\u00e3o (Seeb-SP), Lucimara Malaquias.<\/p>\n<p>\u201c<a href=\"https:\/\/contrafcut.com.br\/noticias\/trabalhadores-cobram-da-fenaban-implementacao-de-jornada-reduzida\/\">Neste momento em que, no Brasil, a campanha salarial<\/a>\u00a0dos banc\u00e1rios est\u00e1 em curso, \u00e9 crucial acompanharmos as experi\u00eancias de negocia\u00e7\u00e3o coletiva pelo mundo, para que possamos trocar essas experi\u00eancias e trazer aprendizados para todos e todas. O reconhecimento da conjuntura regional e as formas de encontrar solu\u00e7\u00f5es conjuntas, fortalece nossa organiza\u00e7\u00e3o no Brasil\u201d, avaliou Lucimara.<\/p>\n<p>Rita Berlofa completou que, no encontro, o comit\u00ea se posicionou na defesa da democracia na regi\u00e3o. &#8220;Assinamos uma nota de rep\u00fadio contra a\u00a0<a href=\"https:\/\/www.brasildefato.com.br\/2024\/06\/29\/tentativa-de-golpe-na-bolivia-faz-parte-de-3-onda-autoritaria-na-america-latina-diz-pesquisador\">tentativa de golpe na Bol\u00edvia<\/a>, que ocorreu no dia 26 de junho. No texto, refor\u00e7amos a defesa da democracia e soberania dos povos&#8221;, pontuou. \u201cA defesa da democracia tem que ser pauta constante, dado o avan\u00e7o da extrema-direita no mundo, que vem com retirada de direitos dos trabalhadores. Sem democracia todos n\u00f3s perdemos\u201d, completou a dirigente.<\/p>\n<p>Os temas abordados no encontro estar\u00e3o tamb\u00e9m na\u00a0<a href=\"https:\/\/uniglobalunion.org\/meetings\/uni-americas-regional-conference-conferencia-regional-uni-americas-conferencia-regional-da-uni-americas\/\">confer\u00eancia regional da UNI Am\u00e9ricas<\/a>, prevista para dezembro de 2024.<\/p>\n<p>No debate sobre a capacita\u00e7\u00e3o de jovens dirigentes, um dos t\u00f3picos considerados fundamentais para o futuro do sindicalismo na regi\u00e3o,\u00a0<a href=\"https:\/\/latamgremial.com\/uni-americas-inicia-reunion-de-su-comite-regional-en-montevideo-uruguay\/\">o secret\u00e1rio regional da UNI Am\u00e9ricas, Marcio Monzane<\/a>, destacou que o trabalho para alcan\u00e7ar melhores negocia\u00e7\u00f5es coletivas tamb\u00e9m \u00e9 uma forma de trazer jovens ao movimento.<\/p>\n<p>&#8220;Temos que trazer v\u00e1rios elementos para a nossa agenda sindical e combin\u00e1-los com a juventude; trabalhar por mais e melhores negocia\u00e7\u00f5es coletivas, chegar aos trabalhadores que n\u00e3o alcan\u00e7amos e continuar crescendo como organiza\u00e7\u00e3o, com participa\u00e7\u00e3o pol\u00edtica\u201d, resumiu.<\/p>\n<p>O presidente da Uni Am\u00e9ricas, H\u00e9ctor Daer, ressaltou que &#8220;mais do que nunca, globalizar o pensamento sindical&#8221; torna-se fundamental na atualidade. &#8220;Globalizar, no sentido de n\u00e3o confundir os objetivos da luta&#8221;, completou. &#8220;E isso \u00e9 essencial para podermos ter um debate profundo nas nossas sociedades e gerar cultura sindical nos trabalhadores&#8221;, concluiu.<\/p>\n<p><strong>Fonte: Contraf-CUT<\/strong><\/p>\n","protected":false},"excerpt":{"rendered":"<p>Capacita\u00e7\u00e3o de jovens dirigentes e os desafios para uma transi\u00e7\u00e3o justa para esse grupo, diante das mudan\u00e7as impostas pela revolu\u00e7\u00e3o tecnol\u00f3gica no mercado de trabalho e pela crise ambiental, negocia\u00e7\u00e3o coletiva, considerando o modelo tripartite, direitos trabalhistas para os imigrantes e igualdade de g\u00eanero. Esses foram alguns dos temas abordados no encontro do Comit\u00ea Executivo [&hellip;]<\/p>\n","protected":false},"author":2,"featured_media":15493,"comment_status":"","ping_status":"","sticky":false,"template":"","format":"standard","meta":{"footnotes":""},"categories":[3],"tags":[],"class_list":["post-15494","post","type-post","status-publish","format-standard","has-post-thumbnail","hentry","category-noticias"],"_links":{"self":[{"href":"https:\/\/hostnetart.com.br\/baixada\/wp-json\/wp\/v2\/posts\/15494","targetHints":{"allow":["GET"]}}],"collection":[{"href":"https:\/\/hostnetart.com.br\/baixada\/wp-json\/wp\/v2\/posts"}],"about":[{"href":"https:\/\/hostnetart.com.br\/baixada\/wp-json\/wp\/v2\/types\/post"}],"author":[{"embeddable":true,"href":"https:\/\/hostnetart.com.br\/baixada\/wp-json\/wp\/v2\/users\/2"}],"replies":[{"embeddable":true,"href":"https:\/\/hostnetart.com.br\/baixada\/wp-json\/wp\/v2\/comments?post=15494"}],"version-history":[{"count":0,"href":"https:\/\/hostnetart.com.br\/baixada\/wp-json\/wp\/v2\/posts\/15494\/revisions"}],"wp:featuredmedia":[{"embeddable":true,"href":"https:\/\/hostnetart.com.br\/baixada\/wp-json\/wp\/v2\/media\/15493"}],"wp:attachment":[{"href":"https:\/\/hostnetart.com.br\/baixada\/wp-json\/wp\/v2\/media?parent=15494"}],"wp:term":[{"taxonomy":"category","embeddable":true,"href":"https:\/\/hostnetart.com.br\/baixada\/wp-json\/wp\/v2\/categories?post=15494"},{"taxonomy":"post_tag","embeddable":true,"href":"https:\/\/hostnetart.com.br\/baixada\/wp-json\/wp\/v2\/tags?post=15494"}],"curies":[{"name":"wp","href":"https:\/\/api.w.org\/{rel}","templated":true}]}}