{"id":15490,"date":"2024-07-03T18:21:24","date_gmt":"2024-07-03T21:21:24","guid":{"rendered":"https:\/\/hostnetart.com.br\/baixada\/financiarios-fazem-segunda-reuniao-da-campanha-nacional-2024-na-sexta-feira\/"},"modified":"2024-07-03T18:21:24","modified_gmt":"2024-07-03T21:21:24","slug":"financiarios-fazem-segunda-reuniao-da-campanha-nacional-2024-na-sexta-feira","status":"publish","type":"post","link":"https:\/\/hostnetart.com.br\/baixada\/financiarios-fazem-segunda-reuniao-da-campanha-nacional-2024-na-sexta-feira\/","title":{"rendered":"Financi\u00e1rios fazem segunda reuni\u00e3o da Campanha Nacional 2024 na sexta-feira"},"content":{"rendered":"<p>A Campanha Nacional 2024 dos Financi\u00e1rios vai ter sua segunda reuni\u00e3o de negocia\u00e7\u00e3o com a Associa\u00e7\u00e3o Nacional das Institui\u00e7\u00f5es de Cr\u00e9dito, Financiamento e Investimento (Acrefi) na sexta-feira (5). A pauta da reuni\u00e3o ser\u00e1 diversidade. Na oportunidade, as partes tamb\u00e9m v\u00e3o definir o calend\u00e1rio de negocia\u00e7\u00f5es.<\/p>\n<p>Os financi\u00e1rios deram in\u00edcio \u00e0 primeira mesa de negocia\u00e7\u00e3o com a Acrefi no dia 29 de junho, apresentando uma proposta de calend\u00e1rio para as negocia\u00e7\u00f5es e enfatizando a import\u00e2ncia da ultratividade, que garante todos os direitos dos trabalhadores at\u00e9 a renova\u00e7\u00e3o da Conven\u00e7\u00e3o Coletiva de Trabalho (CCT). A pauta de reivindica\u00e7\u00f5es da categoria foi aprovada em abril e entregue no dia 9 de maio.<\/p>\n<p>O coordenador do Coletivo Nacional dos Financi\u00e1rios da Confedera\u00e7\u00e3o Nacional dos Trabalhadores do Ramo Financeiro (Contraf-CUT), Jair Alves, espera \u201csair dessa reuni\u00e3o com a Acrefi com nosso objetivo, como j\u00e1 t\u00ednhamos especificado na primeira reuni\u00e3o, referente ao calend\u00e1rio e pontos de discuss\u00e3o para avan\u00e7armos na mesa de negocia\u00e7\u00e3o.\u201d<\/p>\n<p><strong>Fonte: Contraf-CUT<\/strong><\/p>\n","protected":false},"excerpt":{"rendered":"<p>A Campanha Nacional 2024 dos Financi\u00e1rios vai ter sua segunda reuni\u00e3o de negocia\u00e7\u00e3o com a Associa\u00e7\u00e3o Nacional das Institui\u00e7\u00f5es de Cr\u00e9dito, Financiamento e Investimento (Acrefi) na sexta-feira (5). A pauta da reuni\u00e3o ser\u00e1 diversidade. Na oportunidade, as partes tamb\u00e9m v\u00e3o definir o calend\u00e1rio de negocia\u00e7\u00f5es. Os financi\u00e1rios deram in\u00edcio \u00e0 primeira mesa de negocia\u00e7\u00e3o com [&hellip;]<\/p>\n","protected":false},"author":2,"featured_media":15489,"comment_status":"","ping_status":"","sticky":false,"template":"","format":"standard","meta":{"footnotes":""},"categories":[3],"tags":[],"class_list":["post-15490","post","type-post","status-publish","format-standard","has-post-thumbnail","hentry","category-noticias"],"_links":{"self":[{"href":"https:\/\/hostnetart.com.br\/baixada\/wp-json\/wp\/v2\/posts\/15490","targetHints":{"allow":["GET"]}}],"collection":[{"href":"https:\/\/hostnetart.com.br\/baixada\/wp-json\/wp\/v2\/posts"}],"about":[{"href":"https:\/\/hostnetart.com.br\/baixada\/wp-json\/wp\/v2\/types\/post"}],"author":[{"embeddable":true,"href":"https:\/\/hostnetart.com.br\/baixada\/wp-json\/wp\/v2\/users\/2"}],"replies":[{"embeddable":true,"href":"https:\/\/hostnetart.com.br\/baixada\/wp-json\/wp\/v2\/comments?post=15490"}],"version-history":[{"count":0,"href":"https:\/\/hostnetart.com.br\/baixada\/wp-json\/wp\/v2\/posts\/15490\/revisions"}],"wp:featuredmedia":[{"embeddable":true,"href":"https:\/\/hostnetart.com.br\/baixada\/wp-json\/wp\/v2\/media\/15489"}],"wp:attachment":[{"href":"https:\/\/hostnetart.com.br\/baixada\/wp-json\/wp\/v2\/media?parent=15490"}],"wp:term":[{"taxonomy":"category","embeddable":true,"href":"https:\/\/hostnetart.com.br\/baixada\/wp-json\/wp\/v2\/categories?post=15490"},{"taxonomy":"post_tag","embeddable":true,"href":"https:\/\/hostnetart.com.br\/baixada\/wp-json\/wp\/v2\/tags?post=15490"}],"curies":[{"name":"wp","href":"https:\/\/api.w.org\/{rel}","templated":true}]}}