{"id":15486,"date":"2024-07-03T18:19:29","date_gmt":"2024-07-03T21:19:29","guid":{"rendered":"https:\/\/hostnetart.com.br\/baixada\/coe-e-gt-apontam-problemas-no-programa-de-saude-mental-do-itau\/"},"modified":"2024-07-03T18:19:29","modified_gmt":"2024-07-03T21:19:29","slug":"coe-e-gt-apontam-problemas-no-programa-de-saude-mental-do-itau","status":"publish","type":"post","link":"https:\/\/hostnetart.com.br\/baixada\/coe-e-gt-apontam-problemas-no-programa-de-saude-mental-do-itau\/","title":{"rendered":"COE e GT apontam problemas no programa de sa\u00fade mental do Ita\u00fa"},"content":{"rendered":"<p>O banco Ita\u00fa lan\u00e7ou recentemente, em seu canal digital, o programa \u201cConex\u00e3o Sa\u00fade\u201d, que apresenta diversas iniciativas voltadas \u00e0 sa\u00fade mental dos trabalhadores. Embora o movimento sindical elogie a iniciativa, destaca a necessidade de melhorias e ainda refor\u00e7a que as pr\u00e1ticas do banco muitas vezes contradizem essas a\u00e7\u00f5es. Fechamento de ag\u00eancias, sobrecarga de trabalho e ass\u00e9dio moral s\u00e3o algumas das quest\u00f5es levantadas.<\/p>\n<p>\u201cO uso de ferramentas de press\u00e3o, para aumentar cada vez mais o lucro do banco, tem causado adoecimento nos trabalhadores, resultando em stress, depress\u00e3o, esgotamento profissional (burnout) e LER\/Dort, que t\u00eam tomado grandes propor\u00e7\u00f5es\u201d, afirmou Luciana Duarte, coordenadora do GT de Sa\u00fade. Ela acrescentou que nenhum programa aborda o tratamento daqueles que j\u00e1 est\u00e3o adoecidos. \u201cMuito pelo contr\u00e1rio, o banco tem criado propostas para que trabalhadores doentes deixem a institui\u00e7\u00e3o\u201d, completou.<\/p>\n<p>Valeska Pincovai, coordenadora da Comiss\u00e3o de Organiza\u00e7\u00e3o dos Empregados (COE) do Ita\u00fa, ressaltou que o banco tem a obriga\u00e7\u00e3o de acolher os trabalhadores adoecidos. \u201cInfelizmente, o que acontece nestes casos \u00e9 que a maioria deles sente o descaso na hora que mais precisam do banco. O Ita\u00fa tem que assumir sua responsabilidade, pois esses trabalhadores adoeceram no local de trabalho.\u201d<\/p>\n<p><strong>Fonte: Contraf-CUT<\/strong><\/p>\n","protected":false},"excerpt":{"rendered":"<p>O banco Ita\u00fa lan\u00e7ou recentemente, em seu canal digital, o programa \u201cConex\u00e3o Sa\u00fade\u201d, que apresenta diversas iniciativas voltadas \u00e0 sa\u00fade mental dos trabalhadores. Embora o movimento sindical elogie a iniciativa, destaca a necessidade de melhorias e ainda refor\u00e7a que as pr\u00e1ticas do banco muitas vezes contradizem essas a\u00e7\u00f5es. Fechamento de ag\u00eancias, sobrecarga de trabalho e [&hellip;]<\/p>\n","protected":false},"author":2,"featured_media":15485,"comment_status":"","ping_status":"","sticky":false,"template":"","format":"standard","meta":{"footnotes":""},"categories":[3],"tags":[],"class_list":["post-15486","post","type-post","status-publish","format-standard","has-post-thumbnail","hentry","category-noticias"],"_links":{"self":[{"href":"https:\/\/hostnetart.com.br\/baixada\/wp-json\/wp\/v2\/posts\/15486","targetHints":{"allow":["GET"]}}],"collection":[{"href":"https:\/\/hostnetart.com.br\/baixada\/wp-json\/wp\/v2\/posts"}],"about":[{"href":"https:\/\/hostnetart.com.br\/baixada\/wp-json\/wp\/v2\/types\/post"}],"author":[{"embeddable":true,"href":"https:\/\/hostnetart.com.br\/baixada\/wp-json\/wp\/v2\/users\/2"}],"replies":[{"embeddable":true,"href":"https:\/\/hostnetart.com.br\/baixada\/wp-json\/wp\/v2\/comments?post=15486"}],"version-history":[{"count":0,"href":"https:\/\/hostnetart.com.br\/baixada\/wp-json\/wp\/v2\/posts\/15486\/revisions"}],"wp:featuredmedia":[{"embeddable":true,"href":"https:\/\/hostnetart.com.br\/baixada\/wp-json\/wp\/v2\/media\/15485"}],"wp:attachment":[{"href":"https:\/\/hostnetart.com.br\/baixada\/wp-json\/wp\/v2\/media?parent=15486"}],"wp:term":[{"taxonomy":"category","embeddable":true,"href":"https:\/\/hostnetart.com.br\/baixada\/wp-json\/wp\/v2\/categories?post=15486"},{"taxonomy":"post_tag","embeddable":true,"href":"https:\/\/hostnetart.com.br\/baixada\/wp-json\/wp\/v2\/tags?post=15486"}],"curies":[{"name":"wp","href":"https:\/\/api.w.org\/{rel}","templated":true}]}}