{"id":15476,"date":"2024-07-02T12:21:35","date_gmt":"2024-07-02T15:21:35","guid":{"rendered":"https:\/\/hostnetart.com.br\/baixada\/reestruturacao-empregados-cobram-e-caixa-reafirma-garantia-de-direitos\/"},"modified":"2024-07-02T12:21:35","modified_gmt":"2024-07-02T15:21:35","slug":"reestruturacao-empregados-cobram-e-caixa-reafirma-garantia-de-direitos","status":"publish","type":"post","link":"https:\/\/hostnetart.com.br\/baixada\/reestruturacao-empregados-cobram-e-caixa-reafirma-garantia-de-direitos\/","title":{"rendered":"Reestrutura\u00e7\u00e3o: Empregados cobram e Caixa reafirma garantia de direitos"},"content":{"rendered":"<\/p>\n<p>A Comiss\u00e3o Executiva dos Empregados (CEE) da Caixa se reuniu com o banco, nesta segunda-feira (1\u00ba\/7), para sanar d\u00favidas sobre a reestrutura\u00e7\u00e3o pela qual o banco vai passar nos pr\u00f3ximos dias, com o fechamento de 128 unidades f\u00edsicas e abertura de 117 ag\u00eancias digitais.<br \/>\u201cA Caixa precisa deixar claro que esse movimento e a transfer\u00eancia de pessoal entre unidades \u00e9 do interesse da administra\u00e7\u00e3o, n\u00e3o do empregado. Trata-se de uma reestrutura\u00e7\u00e3o que o banco est\u00e1 fazendo unilateralmente e que os trabalhadores est\u00e3o sendo transferidos para se adequar ao que a empresa est\u00e1 fazendo\u201d, disse o diretor da Confedera\u00e7\u00e3o Nacional dos Trabalhadores do Ramo Financeiro (Contraf-CUT) e coordenador da Comiss\u00e3o Executiva dos Empregados (CEE) da Caixa, Rafael de Castro, ao cobrar a rela\u00e7\u00e3o de ag\u00eancias afetadas e o regramento das transfer\u00eancias, deixando claro que estas v\u00e3o acontecer \u201cpor interesse da administra\u00e7\u00e3o\u201d, n\u00e3o \u201ca pedido\u201d do empregado.<br \/>\u201cAl\u00e9m disso, tamb\u00e9m precisa deixar claro que os empregados lotados nas ag\u00eancias que ser\u00e3o alvo do \u2018reposicionamento\u2019 n\u00e3o s\u00e3o obrigados a se cadastrarem no Movimenta.Caixa\u201d, completou o representante da Federa\u00e7\u00e3o dos Empregados em Estabelecimentos Banc\u00e1rios de S\u00e3o Paulo e Mato Grosso do Sul (Feeb-SP\/MS), Tesifon Quevedo Neto.<br \/>A representa\u00e7\u00e3o das empregadas e empregados da Caixa, cobrou que o banco compartilhe com o movimento sindical todas as informa\u00e7\u00f5es que s\u00e3o enviadas aos empregados. \u201cEm decorr\u00eancia do in\u00edcio do processo que a Caixa est\u00e1 chamando de \u2018reposicionamento da rede de varejo\u2019, muitas empregadas e empregados das ag\u00eancias afetadas entraram em contato com os sindicatos de suas bases de representa\u00e7\u00e3o com uma s\u00e9rie de d\u00favidas sobre as medidas que o banco vai tomar e em que elas podem atingi-los\u201d, disse o representante da Federa\u00e7\u00e3o das Trabalhadoras e Trabalhadores do Ramo Financeiro do Estado do Rio de Janeiro (Federa-RJ), Rog\u00e9rio Campanate. \u201cPodemos estar do outro lado da mesa de negocia\u00e7\u00f5es, mas em situa\u00e7\u00f5es como essas, a gente pode ajudar a sanar d\u00favidas das colegas e dos colegas que nos procuram\u201d, completou, lembrando que este \u00e9 um pedido recorrente da CEE para a Caixa.<br \/>\u201cSolicitamos que a Caixa traga informa\u00e7\u00f5es sobre colegas que exercem fun\u00e7\u00f5es por prazo e minuto, em compromisso com a manuten\u00e7\u00e3o da remunera\u00e7\u00e3o dos colegas\u201d, disse a representante da Federa\u00e7\u00e3o dos Banc\u00e1rios da CUT do Estado de S\u00e3o Paulo (Fetec-CUT\/SP), Vivian S\u00e1.<br \/>Outro questionamento da representa\u00e7\u00e3o dos empregados foi com rela\u00e7\u00e3o \u00e0 prioridade para PcD e respons\u00e1veis por PcD no trabalho remoto. \u201cPrecisamos saber como isso vai acontecer\u201d, disse a representante da Federa\u00e7\u00e3o dos Trabalhadores do Ramo Financeiro do Rio Grande do Sul (Fetrafi-RS), Sabrina Muniz.<\/p>\n<section class=\"block__body\">\n<div class=\"container\">\n<h2 contenteditable=\"false\"><strong>Para sanar d\u00favidas<\/strong><\/h2>\n<div contenteditable=\"false\">\n<p>Para ajudar a sanar tais d\u00favidas, sempre considerando o \u00e2mbito de estado, munic\u00edpio e ag\u00eancia, a representa\u00e7\u00e3o das empregadas e empregados solicitou que o banco lhe forne\u00e7a, como prometido em reuni\u00e3o realizada no dia 25 de junho:<\/p>\n<\/div>\n<\/div>\n<\/section>\n<section class=\"block__body\">\n<div class=\"container\">\n<ul contenteditable=\"false\">\n<li>a rela\u00e7\u00e3o de unidades a serem afetadas;<\/li>\n<li>os dados da quantidade de pessoal por estado;<\/li>\n<li>munic\u00edpios e ag\u00eancias que ser\u00e3o afetados;<\/li>\n<li>quantos v\u00e3o poder optar pela continuidade do trabalho em ag\u00eancias f\u00edsicas pr\u00f3ximas ao seu local atual de lota\u00e7\u00e3o;<\/li>\n<li>quantos ser\u00e3o absorvidos pelas unidades digitais.<\/li>\n<\/ul>\n<\/div>\n<\/section>\n<section class=\"block__body\">\n<div class=\"container\" contenteditable=\"false\">\n<p>\u00a0<\/p>\n<p>A Caixa disse que assim que terminasse a reuni\u00e3o, seria enviada a rela\u00e7\u00e3o das ag\u00eancias \u00e0 representa\u00e7\u00e3o dos empregados.<br \/>Al\u00e9m disso, a Caixa confirmou, o que j\u00e1 havia afirmado na reuni\u00e3o do dia 25 de junho, que:<\/p>\n<\/div>\n<\/section>\n<section class=\"block__body\">\n<div class=\"container\">\n<ul contenteditable=\"false\">\n<li>nenhum empregado afetado pelo \u201creposicionamento da rede de varejo\u201d, tanto os que permanecerem em ag\u00eancias f\u00edsicas, quanto os que optarem pelo trabalho em unidades digitais, ser\u00e1 descomissionado, nem ter\u00e1 queda de porte de ag\u00eancia;<\/li>\n<li>tanto os empregados que optarem pelo trabalho em unidades digitais, quanto aqueles que forem \u201crefor\u00e7ar\u201d a equipe de atendimento das unidades f\u00edsicas pr\u00f3ximas ao seu local atual de lota\u00e7\u00e3o, n\u00e3o ter\u00e3o que realizar grandes deslocamentos seu novo local de trabalho;<\/li>\n<li>as empregadas e empregados poder\u00e3o optar pelo modelo de ag\u00eancia em que preferem trabalhar e que, aqueles que, neste momento optarem pelo modelo digital, poder\u00e3o retornar \u00e0s unidades f\u00edsicas, sem perda de fun\u00e7\u00e3o;<\/li>\n<li>que haver\u00e1 treinamento adequado para quem optar pelo trabalho em unidades digitais.<\/li>\n<\/ul>\n<\/div>\n<\/section>\n<section class=\"block__body\">\n<div class=\"container\" contenteditable=\"false\">\n<p>A Caixa vai passar at\u00e9 o final do dia a lista das ag\u00eancias e as regras para a transfer\u00eancias e os representantes dos trabalhadores poder\u00e3o fazer nova avalia\u00e7\u00e3o de pontos que considerarem cr\u00edticos, para continuar as tratativas junto \u00e0 Caixa. Os representantes do banco tamb\u00e9m disseram que est\u00e1 sendo preparado um \u201cperguntas e respostas\u201d para ajudar a esclarecer os empregados e que deve enviar entre hoje e amanh\u00e3 uma CE \u00e0 rede \u2013e \u00e0 representa\u00e7\u00e3o dos empregados\u2013 confirmando tamb\u00e9m que N\u00c3O h\u00e1 obrigatoriedade de os empregados das unidades afetadas pela reestrutura\u00e7\u00e3o fazerem o registro de sua op\u00e7\u00e3o no Movimenta.Caixa.<\/p>\n<\/div>\n<\/section>\n<p><strong>Fonte: Contraf-CUT<\/strong><\/p>\n","protected":false},"excerpt":{"rendered":"<p>A Comiss\u00e3o Executiva dos Empregados (CEE) da Caixa se reuniu com o banco, nesta segunda-feira (1\u00ba\/7), para sanar d\u00favidas sobre a reestrutura\u00e7\u00e3o pela qual o banco vai passar nos pr\u00f3ximos dias, com o fechamento de 128 unidades f\u00edsicas e abertura de 117 ag\u00eancias digitais.\u201cA Caixa precisa deixar claro que esse movimento e a transfer\u00eancia de [&hellip;]<\/p>\n","protected":false},"author":2,"featured_media":15475,"comment_status":"","ping_status":"","sticky":false,"template":"","format":"standard","meta":{"footnotes":""},"categories":[3],"tags":[],"class_list":["post-15476","post","type-post","status-publish","format-standard","has-post-thumbnail","hentry","category-noticias"],"_links":{"self":[{"href":"https:\/\/hostnetart.com.br\/baixada\/wp-json\/wp\/v2\/posts\/15476","targetHints":{"allow":["GET"]}}],"collection":[{"href":"https:\/\/hostnetart.com.br\/baixada\/wp-json\/wp\/v2\/posts"}],"about":[{"href":"https:\/\/hostnetart.com.br\/baixada\/wp-json\/wp\/v2\/types\/post"}],"author":[{"embeddable":true,"href":"https:\/\/hostnetart.com.br\/baixada\/wp-json\/wp\/v2\/users\/2"}],"replies":[{"embeddable":true,"href":"https:\/\/hostnetart.com.br\/baixada\/wp-json\/wp\/v2\/comments?post=15476"}],"version-history":[{"count":0,"href":"https:\/\/hostnetart.com.br\/baixada\/wp-json\/wp\/v2\/posts\/15476\/revisions"}],"wp:featuredmedia":[{"embeddable":true,"href":"https:\/\/hostnetart.com.br\/baixada\/wp-json\/wp\/v2\/media\/15475"}],"wp:attachment":[{"href":"https:\/\/hostnetart.com.br\/baixada\/wp-json\/wp\/v2\/media?parent=15476"}],"wp:term":[{"taxonomy":"category","embeddable":true,"href":"https:\/\/hostnetart.com.br\/baixada\/wp-json\/wp\/v2\/categories?post=15476"},{"taxonomy":"post_tag","embeddable":true,"href":"https:\/\/hostnetart.com.br\/baixada\/wp-json\/wp\/v2\/tags?post=15476"}],"curies":[{"name":"wp","href":"https:\/\/api.w.org\/{rel}","templated":true}]}}