{"id":15474,"date":"2024-07-01T15:29:55","date_gmt":"2024-07-01T18:29:55","guid":{"rendered":"https:\/\/hostnetart.com.br\/baixada\/campanha-nacional-trabalhadores-defenderao-jornada-de-4-dias-em-reuniao-com-fenaban\/"},"modified":"2024-07-01T15:29:55","modified_gmt":"2024-07-01T18:29:55","slug":"campanha-nacional-trabalhadores-defenderao-jornada-de-4-dias-em-reuniao-com-fenaban","status":"publish","type":"post","link":"https:\/\/hostnetart.com.br\/baixada\/campanha-nacional-trabalhadores-defenderao-jornada-de-4-dias-em-reuniao-com-fenaban\/","title":{"rendered":"Campanha Nacional: trabalhadores defender\u00e3o jornada de 4 dias em reuni\u00e3o com Fenaban"},"content":{"rendered":"<\/p>\n<p>O Comando Nacional dos Banc\u00e1rios se reunir\u00e1, na pr\u00f3xima ter\u00e7a-feira (2), com a Federa\u00e7\u00e3o Nacional dos Bancos (Fenaban) para debater o tema \u201ccl\u00e1usulas sociais\u201d, na segunda mesa de negocia\u00e7\u00f5es da Campanha Nacional de 2024, para a renova\u00e7\u00e3o da Conven\u00e7\u00e3o Coletiva de Trabalho (CCT) da categoria. As discuss\u00f5es v\u00e3o se concentrar na reivindica\u00e7\u00e3o por\u00a0jornada reduzida para quatro dias da semana, mas tamb\u00e9m ser\u00e3o debatidos os temas\u00a0teletrabalho, seguran\u00e7a f\u00edsica e seguran\u00e7a digital no setor banc\u00e1rio.<\/p>\n<p>\u201cA categoria banc\u00e1ria defende a jornada de quatro dias semanais, sem a redu\u00e7\u00e3o salarial, com a manuten\u00e7\u00e3o da abertura dos bancos e oferta de servi\u00e7os de segunda a sexta-feira, porque isso j\u00e1 \u00e9 poss\u00edvel com os avan\u00e7os tecnol\u00f3gicos. A tecnologia n\u00e3o pode servir somente aos lucros dos bancos, como est\u00e1 acontecendo: os bancos aumentando seus ganhos, ano ap\u00f3s ano, com redu\u00e7\u00e3o de postos de trabalho e, quando contratam, s\u00e3o trabalhadores terceirizados, com menos direitos\u201d, explica a coordenadora do Comando Nacional dos Banc\u00e1rios e presidenta da Confedera\u00e7\u00e3o Nacional dos Trabalhadores do Ramo Financeiro (Contraf-CUT), Juvandia Moreira.<\/p>\n<p>Um relat\u00f3rio feito pelo Departamento Intersindical de Estat\u00edstica e Estudos Socioecon\u00f4micos (Dieese), com base em estudos e programas pilotos no Brasil e em outros pa\u00edses, liderados pela organiza\u00e7\u00e3o n\u00e3o governamental 4 Day Week Global, revela que a redu\u00e7\u00e3o da jornada para quatro dias, al\u00e9m de proteger empregos, melhora a qualidade de vida e a produtividade dos trabalhadores, portanto, \u00e9 bom tamb\u00e9m para as empresas.<\/p>\n<p>\u201cVamos apresentar essas informa\u00e7\u00f5es na mesa. O mundo mudou, o mercado mudou, mas a forma de implementa\u00e7\u00e3o tecnol\u00f3gicas, sem a participa\u00e7\u00e3o social, t\u00eam favorecido a concentra\u00e7\u00e3o de renda e isso n\u00e3o tem sido diferente num setor t\u00e3o intensivo no uso da tecnologia, como \u00e9 o setor financeiro\u201d, avalia Juvandia.<\/p>\n<p>\u201c\u00c9 importante para n\u00f3s, como sociedade, entender que todos n\u00f3s contribu\u00edmos com os avan\u00e7os da tecnologia, criando e utilizando, no trabalho e no dia a dia. Logo, nada mais justo do que o compartilhamento e democratiza\u00e7\u00e3o dos ganhos financeiros tecnol\u00f3gicos. E \u00e9 para isso que chamamos aten\u00e7\u00e3o, n\u00e3o s\u00f3 para alcan\u00e7ar novas conquistas na CCT da categoria, mas para lan\u00e7ar mais luz sobre o tema, e auxiliar todos os demais trabalhadores e trabalhadoras do pa\u00eds. Por isso, nossa unidade na campanha \u00e9 tamb\u00e9m relevante ao pa\u00eds\u201d, refor\u00e7ou.<\/p>\n<p><strong>Outras pautas da mesa<\/strong><\/p>\n<p>Os trabalhadores tamb\u00e9m levar\u00e3o para mesa reivindica\u00e7\u00f5es sobre teletrabalho e seguran\u00e7a f\u00edsica e digital no setor banc\u00e1rio.<\/p>\n<p>Em rela\u00e7\u00e3o ao teletrabalho, a categoria \u00e9 atualmente refer\u00eancia sobre o tema, depois de ter se tornado a primeira, em 2022, a conquistar 12 cl\u00e1usulas que garantem a sa\u00fade e a dignidade do trabalhador no home office. No conjunto, as cl\u00e1usulas abrangem direitos, ambiente dom\u00e9stico, equipamentos e mobili\u00e1rio adequados, respeito \u00e0 jornada, aux\u00edlio financeiro para compensar o aumento de gastos em casa e preven\u00e7\u00e3o a abusos e ass\u00e9dio. \u201cApesar de estas conquistas estarem em nossa CCT, os bancos ainda precisam avan\u00e7ar em cl\u00e1usulas que contemplam os trabalhadores no home office\u201d, explica Juvandia Moreira.<\/p>\n<p><strong>Fonte: Contraf-CUT<\/strong><\/p>\n","protected":false},"excerpt":{"rendered":"<p>O Comando Nacional dos Banc\u00e1rios se reunir\u00e1, na pr\u00f3xima ter\u00e7a-feira (2), com a Federa\u00e7\u00e3o Nacional dos Bancos (Fenaban) para debater o tema \u201ccl\u00e1usulas sociais\u201d, na segunda mesa de negocia\u00e7\u00f5es da Campanha Nacional de 2024, para a renova\u00e7\u00e3o da Conven\u00e7\u00e3o Coletiva de Trabalho (CCT) da categoria. As discuss\u00f5es v\u00e3o se concentrar na reivindica\u00e7\u00e3o por\u00a0jornada reduzida para [&hellip;]<\/p>\n","protected":false},"author":2,"featured_media":15473,"comment_status":"","ping_status":"","sticky":false,"template":"","format":"standard","meta":{"footnotes":""},"categories":[3],"tags":[],"class_list":["post-15474","post","type-post","status-publish","format-standard","has-post-thumbnail","hentry","category-noticias"],"_links":{"self":[{"href":"https:\/\/hostnetart.com.br\/baixada\/wp-json\/wp\/v2\/posts\/15474","targetHints":{"allow":["GET"]}}],"collection":[{"href":"https:\/\/hostnetart.com.br\/baixada\/wp-json\/wp\/v2\/posts"}],"about":[{"href":"https:\/\/hostnetart.com.br\/baixada\/wp-json\/wp\/v2\/types\/post"}],"author":[{"embeddable":true,"href":"https:\/\/hostnetart.com.br\/baixada\/wp-json\/wp\/v2\/users\/2"}],"replies":[{"embeddable":true,"href":"https:\/\/hostnetart.com.br\/baixada\/wp-json\/wp\/v2\/comments?post=15474"}],"version-history":[{"count":0,"href":"https:\/\/hostnetart.com.br\/baixada\/wp-json\/wp\/v2\/posts\/15474\/revisions"}],"wp:featuredmedia":[{"embeddable":true,"href":"https:\/\/hostnetart.com.br\/baixada\/wp-json\/wp\/v2\/media\/15473"}],"wp:attachment":[{"href":"https:\/\/hostnetart.com.br\/baixada\/wp-json\/wp\/v2\/media?parent=15474"}],"wp:term":[{"taxonomy":"category","embeddable":true,"href":"https:\/\/hostnetart.com.br\/baixada\/wp-json\/wp\/v2\/categories?post=15474"},{"taxonomy":"post_tag","embeddable":true,"href":"https:\/\/hostnetart.com.br\/baixada\/wp-json\/wp\/v2\/tags?post=15474"}],"curies":[{"name":"wp","href":"https:\/\/api.w.org\/{rel}","templated":true}]}}