{"id":15468,"date":"2024-06-28T11:53:59","date_gmt":"2024-06-28T14:53:59","guid":{"rendered":"https:\/\/hostnetart.com.br\/baixada\/demissoes-no-mercantil-aterrorizam-trabalhadoras-e-trabalhadores\/"},"modified":"2024-06-28T11:53:59","modified_gmt":"2024-06-28T14:53:59","slug":"demissoes-no-mercantil-aterrorizam-trabalhadoras-e-trabalhadores","status":"publish","type":"post","link":"https:\/\/hostnetart.com.br\/baixada\/demissoes-no-mercantil-aterrorizam-trabalhadoras-e-trabalhadores\/","title":{"rendered":"Demiss\u00f5es no Mercantil aterrorizam trabalhadoras e trabalhadores"},"content":{"rendered":"<\/p>\n<p>A nova dire\u00e7\u00e3o do Banco Mercantil, em sua cruel escalada por lucros exorbitantes, vem efetuando cortes de or\u00e7amento e diversas demiss\u00f5es injustificadas, que criam um ambiente de inseguran\u00e7a entre os trabalhadores. A Comiss\u00e3o de Organiza\u00e7\u00e3o dos Empregados (COE) do banco vem recebendo den\u00fancias de que alguns novos executivos de mercado est\u00e3o aterrorizando funcion\u00e1rios com press\u00e3o por metas abusivas e, quando n\u00e3o s\u00e3o cumpridas, h\u00e1 persegui\u00e7\u00f5es e inconsequentes demiss\u00f5es.<\/p>\n<p>Ainda segundo den\u00fancias recebidas pelos dirigentes sindicais, videoconfer\u00eancias est\u00e3o sendo utilizadas como forma de monitoramento de resultados e exposi\u00e7\u00e3o dos trabalhadores. Isto configura rankeamento, pr\u00e1tica expressamente vedada pela Conven\u00e7\u00e3o Coletiva de Trabalho (CCT) da categoria banc\u00e1ria.<\/p>\n<p>Segundo a cl\u00e1usula 39 da CCT (Monitoramento de Resultados), \u201cos bancos n\u00e3o expor\u00e3o, publicamente, o ranking individual de seus empregados\u201d. Em seu par\u00e1grafo primeiro, a cl\u00e1usula tamb\u00e9m veda, ao gestor, \u201ca cobran\u00e7a do cumprimento de resultados por mensagens, no telefone particular do empregado\u201d.<\/p>\n<p>&#8220;As demiss\u00f5es que est\u00e3o ocorrendo no pr\u00e9dio da Administra\u00e7\u00e3o Central do Mercantil s\u00e3o inapropriadas e desumanas. S\u00e3o funcion\u00e1rios que dedicaram grande parte da vida \u00e0 institui\u00e7\u00e3o, muitos com mais de 30 anos de banco. \u00c9 uma pena que o Mercantil n\u00e3o valorize as pessoas, que s\u00e3o tratadas como pe\u00e7as descart\u00e1veis&#8221;, critica o coordenador nacional da COE, Vanderci Ant\u00f4nio.<\/p>\n<p>Marco Aur\u00e9lio Alves, funcion\u00e1rio do Banco e dirigente sindical, tamb\u00e9m denuncia que \u201ca nova dire\u00e7\u00e3o do Mercantil utiliza a amea\u00e7a de demiss\u00e3o como ferramenta de gest\u00e3o para que os banc\u00e1rios batam metas cada vez mais abusivas. N\u00f3s repudiamos a falta de compromisso do Mercantil com seus clientes e trabalhadores\u201d.<\/p>\n<p><b>Fonte: Contraf-CUT<\/b><\/p>\n","protected":false},"excerpt":{"rendered":"<p>A nova dire\u00e7\u00e3o do Banco Mercantil, em sua cruel escalada por lucros exorbitantes, vem efetuando cortes de or\u00e7amento e diversas demiss\u00f5es injustificadas, que criam um ambiente de inseguran\u00e7a entre os trabalhadores. A Comiss\u00e3o de Organiza\u00e7\u00e3o dos Empregados (COE) do banco vem recebendo den\u00fancias de que alguns novos executivos de mercado est\u00e3o aterrorizando funcion\u00e1rios com press\u00e3o [&hellip;]<\/p>\n","protected":false},"author":2,"featured_media":15467,"comment_status":"","ping_status":"","sticky":false,"template":"","format":"standard","meta":{"footnotes":""},"categories":[3],"tags":[],"class_list":["post-15468","post","type-post","status-publish","format-standard","has-post-thumbnail","hentry","category-noticias"],"_links":{"self":[{"href":"https:\/\/hostnetart.com.br\/baixada\/wp-json\/wp\/v2\/posts\/15468","targetHints":{"allow":["GET"]}}],"collection":[{"href":"https:\/\/hostnetart.com.br\/baixada\/wp-json\/wp\/v2\/posts"}],"about":[{"href":"https:\/\/hostnetart.com.br\/baixada\/wp-json\/wp\/v2\/types\/post"}],"author":[{"embeddable":true,"href":"https:\/\/hostnetart.com.br\/baixada\/wp-json\/wp\/v2\/users\/2"}],"replies":[{"embeddable":true,"href":"https:\/\/hostnetart.com.br\/baixada\/wp-json\/wp\/v2\/comments?post=15468"}],"version-history":[{"count":0,"href":"https:\/\/hostnetart.com.br\/baixada\/wp-json\/wp\/v2\/posts\/15468\/revisions"}],"wp:featuredmedia":[{"embeddable":true,"href":"https:\/\/hostnetart.com.br\/baixada\/wp-json\/wp\/v2\/media\/15467"}],"wp:attachment":[{"href":"https:\/\/hostnetart.com.br\/baixada\/wp-json\/wp\/v2\/media?parent=15468"}],"wp:term":[{"taxonomy":"category","embeddable":true,"href":"https:\/\/hostnetart.com.br\/baixada\/wp-json\/wp\/v2\/categories?post=15468"},{"taxonomy":"post_tag","embeddable":true,"href":"https:\/\/hostnetart.com.br\/baixada\/wp-json\/wp\/v2\/tags?post=15468"}],"curies":[{"name":"wp","href":"https:\/\/api.w.org\/{rel}","templated":true}]}}